{"id":2937,"date":"2015-12-07T01:31:43","date_gmt":"2015-12-07T01:31:43","guid":{"rendered":"http:\/\/bcdeportes.com\/?p=2937"},"modified":"2015-12-07T01:31:43","modified_gmt":"2015-12-07T01:31:43","slug":"llegaron-primero-a-la-meta-erik-guillen-y-belen-vigil","status":"publish","type":"post","link":"https:\/\/bcdeportes.com\/?p=2937","title":{"rendered":"Llegaron primero a la meta Erik Guill\u00e9n y Bel\u00e9n  Vigil"},"content":{"rendered":"<p>En la carrera de3.5 kil\u00f3metros<\/p>\n<p>Llegaron primero a la meta Erik Guill\u00e9n y Bel\u00e9n  Vigil.<\/p>\n<p>*Fueron los ganadores absolutos.<br \/>\nENSENADA. El joven tijuanense Erik Guill\u00e9n paro el cron\u00f3metro en 11 minutos con 49 segundos, mientras que la jovencita ensenadense Bel\u00e9n Vigil hizo el recorrido en 14 minutos con 55 segundos, para ser los triunfadores absolutos de la carrera atl\u00e9tica de 3.5 kil\u00f3metros promovida por el club Halcones de Ensenada que encabeza Zinia Garayzar.<br \/>\nTodo un \u00e9xito result\u00f3 esta carrera que forma parte del primer festival atl\u00e9tico que tuvo como escenario las instalaciones de la unidad deportiva Rodr\u00edguez Sullivan, el cual fue avalado por la Liga Municipal de Atletismo que preside el lef. Juan de Dios Delgado Sandoval.<br \/>\nTanto Guill\u00e9n como Vigil dominaron ampliamente esta competencia, ya que desde el inicio ambos j\u00f3venes atletas se colocaron a la cabeza del contingente de ambas ramas y poco a poco fueron aumentando la ventaja sobre sus m\u00e1s cercanos seguidores.<br \/>\nLos ocupantes de los tres primeros lugares de ambas ramas fueron:<br \/>\nRama varonil.<br \/>\n1,-  Erik Guill\u00e9n, con 11 minutos con 49 segundos.<br \/>\n2.- Sebasti\u00e1n Sav\u00edn, con 12 minutos con 05 segundos.<br \/>\n3.- Adolfo Bautista, con 12 minutos con 06 segundos.<br \/>\nRama femenil.<br \/>\n1.- Bel\u00e9n Vigil, con 14 minutos con 55 segundos.<br \/>\n2.- Marbella Garc\u00eda, con 15 minutos con 15 segundos.<br \/>\n3.-  Evelyn Mart\u00ednez, con 16 minutos con 04 segundos.<\/p>\n","protected":false},"excerpt":{"rendered":"<div class=\"mh-excerpt\"><p>En la carrera de3.5 kil\u00f3metros Llegaron primero a la meta Erik Guill\u00e9n y Bel\u00e9n Vigil. *Fueron los ganadores absolutos. ENSENADA. El joven tijuanense Erik Guill\u00e9n <a class=\"mh-excerpt-more\" href=\"https:\/\/bcdeportes.com\/?p=2937\" title=\"Llegaron primero a la meta Erik Guill\u00e9n y Bel\u00e9n  Vigil\">[&#8230;]<\/a><\/p>\n<\/div>","protected":false},"author":2,"featured_media":2938,"comment_status":"closed","ping_status":"closed","sticky":false,"template":"","format":"standard","meta":{"footnotes":""},"categories":[1],"tags":[],"class_list":["post-2937","post","type-post","status-publish","format-standard","has-post-thumbnail","hentry","category-uncategorized"],"_links":{"self":[{"href":"https:\/\/bcdeportes.com\/index.php?rest_route=\/wp\/v2\/posts\/2937","targetHints":{"allow":["GET"]}}],"collection":[{"href":"https:\/\/bcdeportes.com\/index.php?rest_route=\/wp\/v2\/posts"}],"about":[{"href":"https:\/\/bcdeportes.com\/index.php?rest_route=\/wp\/v2\/types\/post"}],"author":[{"embeddable":true,"href":"https:\/\/bcdeportes.com\/index.php?rest_route=\/wp\/v2\/users\/2"}],"replies":[{"embeddable":true,"href":"https:\/\/bcdeportes.com\/index.php?rest_route=%2Fwp%2Fv2%2Fcomments&post=2937"}],"version-history":[{"count":1,"href":"https:\/\/bcdeportes.com\/index.php?rest_route=\/wp\/v2\/posts\/2937\/revisions"}],"predecessor-version":[{"id":2939,"href":"https:\/\/bcdeportes.com\/index.php?rest_route=\/wp\/v2\/posts\/2937\/revisions\/2939"}],"wp:featuredmedia":[{"embeddable":true,"href":"https:\/\/bcdeportes.com\/index.php?rest_route=\/wp\/v2\/media\/2938"}],"wp:attachment":[{"href":"https:\/\/bcdeportes.com\/index.php?rest_route=%2Fwp%2Fv2%2Fmedia&parent=2937"}],"wp:term":[{"taxonomy":"category","embeddable":true,"href":"https:\/\/bcdeportes.com\/index.php?rest_route=%2Fwp%2Fv2%2Fcategories&post=2937"},{"taxonomy":"post_tag","embeddable":true,"href":"https:\/\/bcdeportes.com\/index.php?rest_route=%2Fwp%2Fv2%2Ftags&post=2937"}],"curies":[{"name":"wp","href":"https:\/\/api.w.org\/{rel}","templated":true}]}}