{"id":2898,"date":"2015-12-03T20:58:29","date_gmt":"2015-12-03T20:58:29","guid":{"rendered":"http:\/\/bcdeportes.com\/?p=2898"},"modified":"2015-12-03T20:58:29","modified_gmt":"2015-12-03T20:58:29","slug":"xolos-en-pretemporada-en-el-car-de-tijuana","status":"publish","type":"post","link":"https:\/\/bcdeportes.com\/?p=2898","title":{"rendered":"Xolos en Pretemporada en el CAR de Tijuana"},"content":{"rendered":"<p>El PF Jos\u00e9 Rangel detalla el esquema que seguir\u00e1n los Xoloitzcuintles<br \/>\nen el CAR<\/p>\n<p>Tijuana, Baja California, 2 de Diciembre del 2015.-. El preparador<br \/>\nf\u00edsico del Club Tijuana, Jos\u00e9 Rangel defini\u00f3 el sistema de trabajo que<br \/>\naplicar\u00e1n en el periodo de pretemporada del Clausura 2016 de la LIGA MX,<br \/>\nel cual realizar\u00e1n los Xoloitzcuintles en el Centro de Alto Rendimiento<br \/>\ndel Distrito Federal del 6 al 14 de Diciembre.<\/p>\n<p>\u201cVamos a realizar trabajos sobre la parte de resistencia en sus<br \/>\ndiferentes \u00e1reas, el trabajo de fuerza y velocidad, pero m\u00e1s que nada en<br \/>\nesta etapa le interesa mucho al DT que trabajemos sobre cosas t\u00e9cnicas,<br \/>\nt\u00e1cticas y vamos a combinarlos en este periodo\u201d, explic\u00f3 Rangel en<br \/>\nXOLOTV, al tiempo que destac\u00f3 que en la siguiente fase de preparaci\u00f3n se<br \/>\nrealizar\u00e1n sesiones triples en la Capital.<\/p>\n<p>El profesor Rangel es nativo de Monterrey, Nuevo Le\u00f3n, estudi\u00f3 en la<br \/>\nEscuela Normal de Educaci\u00f3n F\u00edsica de Monterrey, as\u00ed como la<br \/>\nLicenciatura en Educaci\u00f3n Deportiva en la Universidad Aut\u00f3noma de Nuevo<br \/>\nLe\u00f3n, cuenta con basta experiencia en el futbol profesional.<\/p>\n<p>\u201cMe toc\u00f3 estar en el Monterrey en el primer a\u00f1o en 1986, me toc\u00f3 ser<br \/>\ncampe\u00f3n, de ah\u00ed hemos estado en Irapuato, Atlante, Tecos, Monterrey,<br \/>\nTigres, Am\u00e9rica y Selecci\u00f3n Nacional\u201d, dijo el preparador f\u00edsico<br \/>\nXoloitzcuintle.<\/p>\n<p>Este mi\u00e9rcoles la escuadra de la Frontera Norte culmin\u00f3 con los<br \/>\nex\u00e1menes m\u00e9dicos en la enfermer\u00eda del Estadio Caliente, en tanto el<br \/>\nDirector T\u00e9cnico Miguel Herrera dirigi\u00f3 la pr\u00e1ctica matutina en la<br \/>\ncancha de pasto sint\u00e9tico. Los Xoloitzcuintles contin\u00faan con la primera<br \/>\netapa de pretemporada en Tijuana este jueves con un entrenamiento<br \/>\nmatutino.<\/p>\n","protected":false},"excerpt":{"rendered":"<div class=\"mh-excerpt\"><p>El PF Jos\u00e9 Rangel detalla el esquema que seguir\u00e1n los Xoloitzcuintles en el CAR Tijuana, Baja California, 2 de Diciembre del 2015.-. El preparador f\u00edsico <a class=\"mh-excerpt-more\" href=\"https:\/\/bcdeportes.com\/?p=2898\" title=\"Xolos en Pretemporada en el CAR de Tijuana\">[&#8230;]<\/a><\/p>\n<\/div>","protected":false},"author":2,"featured_media":2899,"comment_status":"closed","ping_status":"closed","sticky":false,"template":"","format":"standard","meta":{"footnotes":""},"categories":[3],"tags":[],"class_list":["post-2898","post","type-post","status-publish","format-standard","has-post-thumbnail","hentry","category-futbol"],"_links":{"self":[{"href":"https:\/\/bcdeportes.com\/index.php?rest_route=\/wp\/v2\/posts\/2898","targetHints":{"allow":["GET"]}}],"collection":[{"href":"https:\/\/bcdeportes.com\/index.php?rest_route=\/wp\/v2\/posts"}],"about":[{"href":"https:\/\/bcdeportes.com\/index.php?rest_route=\/wp\/v2\/types\/post"}],"author":[{"embeddable":true,"href":"https:\/\/bcdeportes.com\/index.php?rest_route=\/wp\/v2\/users\/2"}],"replies":[{"embeddable":true,"href":"https:\/\/bcdeportes.com\/index.php?rest_route=%2Fwp%2Fv2%2Fcomments&post=2898"}],"version-history":[{"count":1,"href":"https:\/\/bcdeportes.com\/index.php?rest_route=\/wp\/v2\/posts\/2898\/revisions"}],"predecessor-version":[{"id":2900,"href":"https:\/\/bcdeportes.com\/index.php?rest_route=\/wp\/v2\/posts\/2898\/revisions\/2900"}],"wp:featuredmedia":[{"embeddable":true,"href":"https:\/\/bcdeportes.com\/index.php?rest_route=\/wp\/v2\/media\/2899"}],"wp:attachment":[{"href":"https:\/\/bcdeportes.com\/index.php?rest_route=%2Fwp%2Fv2%2Fmedia&parent=2898"}],"wp:term":[{"taxonomy":"category","embeddable":true,"href":"https:\/\/bcdeportes.com\/index.php?rest_route=%2Fwp%2Fv2%2Fcategories&post=2898"},{"taxonomy":"post_tag","embeddable":true,"href":"https:\/\/bcdeportes.com\/index.php?rest_route=%2Fwp%2Fv2%2Ftags&post=2898"}],"curies":[{"name":"wp","href":"https:\/\/api.w.org\/{rel}","templated":true}]}}