{"id":2895,"date":"2015-12-03T02:12:33","date_gmt":"2015-12-03T02:12:33","guid":{"rendered":"http:\/\/bcdeportes.com\/?p=2895"},"modified":"2015-12-03T02:12:33","modified_gmt":"2015-12-03T02:12:33","slug":"alista-inde-el-concurso-de-fotografia","status":"publish","type":"post","link":"https:\/\/bcdeportes.com\/?p=2895","title":{"rendered":"ALISTA INDE EL CONCURSO DE FOTOGRAF\u00cdA"},"content":{"rendered":"<p>ALISTA INDE EL CONCURSO DE FOTOGRAF\u00cdA<\/p>\n<p>El pr\u00f3ximo 11 de diciembre se cierra la fecha de entrega de propuestas para el concurso de fotograf\u00eda 2015<\/p>\n<p>MEXICALI, Baja California, 02 de diciembre de 2015.- Bajo \u201cUna Mirada al Deporte de Baja California\u201d, se llevar\u00e1 a cabo el concurso de fotograf\u00eda deportiva en el Estado 29, promovido por el INDE.<\/p>\n<p>En este 2015 habr\u00e1 una bolsa de mil d\u00f3lares al ganador del concurso, el cual se definir\u00e1 a trav\u00e9s de un Jurado integrado por autoridades deportivas y expertos en artes visuales.<\/p>\n<p>Los fot\u00f3grafos, tanto amateur como profesionales, tienen hasta el 11 de diciembre para entregar sus propuestas, las cuales ser\u00e1n recibidas en las diferentes instalaciones del INDE en el Estado.<\/p>\n<p>De acuerdo a la convocatoria, los participantes podr\u00e1n hacer un m\u00e1ximo de dos propuestas por fot\u00f3grafo, siendo las fotograf\u00edas en un formato de 8&#215;10 (sin montar), con el seud\u00f3nimo el autor escrito en la parte posterior.<\/p>\n<p>Pero tambi\u00e9n deber\u00e1n entregar un disco y con una resoluci\u00f3n m\u00ednima de 300 p\u00edxeles por pulgada, todo ello en un sobre cerrado con datos como el nombre completo, edad, direcci\u00f3n de residencia, n\u00famero tel\u00e9fono y correo electr\u00f3nico.<\/p>\n<p>Las fotograf\u00edas, se establece en la convocatoria, deber\u00e1n ser in\u00e9ditas y podr\u00e1n ser tomadas con c\u00e1mara digital o an\u00e1loga; adem\u00e1s, s\u00f3lo se podr\u00e1 hacer uso de la edici\u00f3n digital para correcciones de color, por lo que el fotomontaje no es permitido.<\/p>\n<p>Otro punto importante de la convocatoria, es que las fotograf\u00edas podr\u00e1n ser tomadas a deportistas amateur o profesionales, siempre y cuando tengan relaci\u00f3n con el deporte y la pr\u00e1ctica de la actividad f\u00edsico-deportiva de Baja California.<\/p>\n","protected":false},"excerpt":{"rendered":"<div class=\"mh-excerpt\"><p>ALISTA INDE EL CONCURSO DE FOTOGRAF\u00cdA El pr\u00f3ximo 11 de diciembre se cierra la fecha de entrega de propuestas para el concurso de fotograf\u00eda 2015 <a class=\"mh-excerpt-more\" href=\"https:\/\/bcdeportes.com\/?p=2895\" title=\"ALISTA INDE EL CONCURSO DE FOTOGRAF\u00cdA\">[&#8230;]<\/a><\/p>\n<\/div>","protected":false},"author":2,"featured_media":0,"comment_status":"closed","ping_status":"closed","sticky":false,"template":"","format":"standard","meta":{"footnotes":""},"categories":[8],"tags":[],"class_list":["post-2895","post","type-post","status-publish","format-standard","hentry","category-inde"],"_links":{"self":[{"href":"https:\/\/bcdeportes.com\/index.php?rest_route=\/wp\/v2\/posts\/2895","targetHints":{"allow":["GET"]}}],"collection":[{"href":"https:\/\/bcdeportes.com\/index.php?rest_route=\/wp\/v2\/posts"}],"about":[{"href":"https:\/\/bcdeportes.com\/index.php?rest_route=\/wp\/v2\/types\/post"}],"author":[{"embeddable":true,"href":"https:\/\/bcdeportes.com\/index.php?rest_route=\/wp\/v2\/users\/2"}],"replies":[{"embeddable":true,"href":"https:\/\/bcdeportes.com\/index.php?rest_route=%2Fwp%2Fv2%2Fcomments&post=2895"}],"version-history":[{"count":1,"href":"https:\/\/bcdeportes.com\/index.php?rest_route=\/wp\/v2\/posts\/2895\/revisions"}],"predecessor-version":[{"id":2896,"href":"https:\/\/bcdeportes.com\/index.php?rest_route=\/wp\/v2\/posts\/2895\/revisions\/2896"}],"wp:attachment":[{"href":"https:\/\/bcdeportes.com\/index.php?rest_route=%2Fwp%2Fv2%2Fmedia&parent=2895"}],"wp:term":[{"taxonomy":"category","embeddable":true,"href":"https:\/\/bcdeportes.com\/index.php?rest_route=%2Fwp%2Fv2%2Fcategories&post=2895"},{"taxonomy":"post_tag","embeddable":true,"href":"https:\/\/bcdeportes.com\/index.php?rest_route=%2Fwp%2Fv2%2Ftags&post=2895"}],"curies":[{"name":"wp","href":"https:\/\/api.w.org\/{rel}","templated":true}]}}