{"id":2879,"date":"2015-11-30T22:43:20","date_gmt":"2015-11-30T22:43:20","guid":{"rendered":"http:\/\/bcdeportes.com\/?p=2879"},"modified":"2015-11-30T22:46:03","modified_gmt":"2015-11-30T22:46:03","slug":"apanac-realizo-su-segundo-festival-atletico-infantil","status":"publish","type":"post","link":"https:\/\/bcdeportes.com\/?p=2879","title":{"rendered":"APANAC Realizo su Segundo Festival Atl\u00e9tico Infantil"},"content":{"rendered":"<p>APANAC Realizo su Segundo Festival Atl\u00e9tico Infantil<\/p>\n<p>ENSENADA.- Con la participaci\u00f3n de ni\u00f1os de ambos sexos con edades desde los 3 hasta los 14 a\u00f1os, el domingo anterior en los alrededores del parque de la colonia Obrera, se desarroll\u00f3 el segundo festival atl\u00e9tico denominado Carrera Revolucionaria promovida por la Asociaci\u00f3n de Protecci\u00f3n a la ni\u00f1ez de Ensenada, A.C. (APANAC).<br \/>\nEl clima imperante ese d\u00eda, no fue impedimento para que una buena cantidad de ni\u00f1os y ni\u00f1as acompa\u00f1ados de sus padres se dieron cita en el parque de la colonia Obrera, para intervenir en este tradicional evento deportivo infantil.<br \/>\nLas ni\u00f1as que ocuparon los primeros lugares de la rama femenil de las distintas categor\u00edas fueron:<br \/>\nDe 3 a\u00f1os.<br \/>\n1.- Renata Ru\u00edz.<br \/>\n2.- Sof\u00eda V\u00e9lez.<br \/>\nDe 4 a\u00f1os.<br \/>\n1.- Andrea Mu\u00f1oz.<br \/>\n2.- Azul Gonz\u00e1lez.<br \/>\n3.- Karina Zavala.<br \/>\nDe 5 a\u00f1os.<br \/>\n1.- Hanna Sadney.<br \/>\n2.- Ivanna Garibo F.<br \/>\n3.- Ana Victoria Dom\u00ednguez.<br \/>\nDe 6 a\u00f1os.<br \/>\n1.- Joselyn Ayala.<br \/>\n2.- Natalia Ru\u00edz.<br \/>\n3.- Karla Alfaro D.<br \/>\nDe 7 a\u00f1os.<br \/>\n1.- Abigail Mart\u00ednez.<br \/>\n2.- Michelle Ruvalcaba L.<br \/>\n3.- Melany Rngel L.<br \/>\nDe 8 a\u00f1os..<br \/>\n1.-  Joselyn _Ferrat.<br \/>\n2.- Nicole Moncada.<br \/>\n3- Sof\u00eda Montelongo<br \/>\nDe 9 a\u00f1os.<br \/>\n1.- Eva Sof\u00eda Mu\u00f1oz.<br \/>\n1.- Daniela Torres.<br \/>\n2.- Joselyn Valeria.<br \/>\nDe 14 a\u00f1os.<br \/>\nKaren Caro.<\/p>\n","protected":false},"excerpt":{"rendered":"<div class=\"mh-excerpt\"><p>APANAC Realizo su Segundo Festival Atl\u00e9tico Infantil ENSENADA.- Con la participaci\u00f3n de ni\u00f1os de ambos sexos con edades desde los 3 hasta los 14 a\u00f1os, <a class=\"mh-excerpt-more\" href=\"https:\/\/bcdeportes.com\/?p=2879\" title=\"APANAC Realizo su Segundo Festival Atl\u00e9tico Infantil\">[&#8230;]<\/a><\/p>\n<\/div>","protected":false},"author":2,"featured_media":2882,"comment_status":"closed","ping_status":"closed","sticky":false,"template":"","format":"standard","meta":{"footnotes":""},"categories":[1],"tags":[],"class_list":["post-2879","post","type-post","status-publish","format-standard","has-post-thumbnail","hentry","category-uncategorized"],"_links":{"self":[{"href":"https:\/\/bcdeportes.com\/index.php?rest_route=\/wp\/v2\/posts\/2879","targetHints":{"allow":["GET"]}}],"collection":[{"href":"https:\/\/bcdeportes.com\/index.php?rest_route=\/wp\/v2\/posts"}],"about":[{"href":"https:\/\/bcdeportes.com\/index.php?rest_route=\/wp\/v2\/types\/post"}],"author":[{"embeddable":true,"href":"https:\/\/bcdeportes.com\/index.php?rest_route=\/wp\/v2\/users\/2"}],"replies":[{"embeddable":true,"href":"https:\/\/bcdeportes.com\/index.php?rest_route=%2Fwp%2Fv2%2Fcomments&post=2879"}],"version-history":[{"count":1,"href":"https:\/\/bcdeportes.com\/index.php?rest_route=\/wp\/v2\/posts\/2879\/revisions"}],"predecessor-version":[{"id":2881,"href":"https:\/\/bcdeportes.com\/index.php?rest_route=\/wp\/v2\/posts\/2879\/revisions\/2881"}],"wp:featuredmedia":[{"embeddable":true,"href":"https:\/\/bcdeportes.com\/index.php?rest_route=\/wp\/v2\/media\/2882"}],"wp:attachment":[{"href":"https:\/\/bcdeportes.com\/index.php?rest_route=%2Fwp%2Fv2%2Fmedia&parent=2879"}],"wp:term":[{"taxonomy":"category","embeddable":true,"href":"https:\/\/bcdeportes.com\/index.php?rest_route=%2Fwp%2Fv2%2Fcategories&post=2879"},{"taxonomy":"post_tag","embeddable":true,"href":"https:\/\/bcdeportes.com\/index.php?rest_route=%2Fwp%2Fv2%2Ftags&post=2879"}],"curies":[{"name":"wp","href":"https:\/\/api.w.org\/{rel}","templated":true}]}}