{"id":2855,"date":"2015-11-28T23:36:35","date_gmt":"2015-11-28T23:36:35","guid":{"rendered":"http:\/\/bcdeportes.com\/?p=2855"},"modified":"2015-11-28T23:36:35","modified_gmt":"2015-11-28T23:36:35","slug":"inmudere-anuncio-sus-carreras-del-pavo","status":"publish","type":"post","link":"https:\/\/bcdeportes.com\/?p=2855","title":{"rendered":"INMUDERE Anunci\u00f3 Sus Carreras del Pavo"},"content":{"rendered":"<p>INMUDERE Anunci\u00f3 Sus Carreras del Pavo<\/p>\n<p>E N S E N A DA.- Cargado de actividades deportivas estar\u00e1 el mes de diciembre con la realizaci\u00f3n de 3 carreras del pavo y Ciclovia Recreativa Familiar que ser\u00e1n promovidas por el Instituto Municipal del Deporte y la Recreaci\u00f3n, as\u00ed lo dio a conocer el titular de la dependencia Miguel Garc\u00eda Ur\u00edas.<br \/>\nEn rueda de prensa celebrada en el gimnasio de la unidad deportiva Sullivan el director del Inmudere,<br \/>\nMiguel Garc\u00eda, estuvo acompa\u00f1ado por Martin Villalobos, director de delegaciones municipales y los delegados de Valle de la Trinidad, Camal\u00fa, San Quint\u00edn, El M\u00e1rmol, Isla de Cedros y Francisco Zarco.<br \/>\nLas tradicionales carreras del pavo inician el 6 de diciembre en la delegaci\u00f3n de San Quint\u00edn con carrera de 5 kil\u00f3metros que tendr\u00e1 su salida en punto de las 9 de la ma\u00f1ana partiendo de la unidad deportiva L\u00e1zaro C\u00e1rdenas y donde habr\u00e1 200 camisetas para los primeros en cruzar la meta.<br \/>\nLa segunda justa atl\u00e9tica del Pavo esta programada para el 13 de diciembre en Isla de Cedros donde los participantes har\u00e1n un recorrido de 3. 5 kil\u00f3metros, saliendo del parque que esta frente a la delegaci\u00f3n en punto de las 08.30 horas y donde los primeros 100 en cruzar la meta se har\u00e1n acreedores a una camiseta alusiva del evento.<br \/>\nEse mismo d\u00eda 13 de diciembre se estar\u00e1 celebrando la Ciclovia Recreativa Familiar en las inmediaciones de Playa Hermosa y donde los participantes podr\u00e1n recorrer un circuito trazado durante par de horas.<br \/>\nLas carreras del pavo se cierran el 20 de diciembre en San Antonio de las Minas.<br \/>\nEl titular de la dependencia del deporte municipal, informo que ser\u00e1n 170 pavos los que se repartir\u00e1n en las 3 carreras, siendo para los 3 primeros lugares de cada categor\u00eda y rama.<\/p>\n","protected":false},"excerpt":{"rendered":"<div class=\"mh-excerpt\"><p>INMUDERE Anunci\u00f3 Sus Carreras del Pavo E N S E N A DA.- Cargado de actividades deportivas estar\u00e1 el mes de diciembre con la realizaci\u00f3n <a class=\"mh-excerpt-more\" href=\"https:\/\/bcdeportes.com\/?p=2855\" title=\"INMUDERE Anunci\u00f3 Sus Carreras del Pavo\">[&#8230;]<\/a><\/p>\n<\/div>","protected":false},"author":2,"featured_media":2856,"comment_status":"closed","ping_status":"closed","sticky":false,"template":"","format":"standard","meta":{"footnotes":""},"categories":[9,1],"tags":[],"class_list":["post-2855","post","type-post","status-publish","format-standard","has-post-thumbnail","hentry","category-inmudere","category-uncategorized"],"_links":{"self":[{"href":"https:\/\/bcdeportes.com\/index.php?rest_route=\/wp\/v2\/posts\/2855","targetHints":{"allow":["GET"]}}],"collection":[{"href":"https:\/\/bcdeportes.com\/index.php?rest_route=\/wp\/v2\/posts"}],"about":[{"href":"https:\/\/bcdeportes.com\/index.php?rest_route=\/wp\/v2\/types\/post"}],"author":[{"embeddable":true,"href":"https:\/\/bcdeportes.com\/index.php?rest_route=\/wp\/v2\/users\/2"}],"replies":[{"embeddable":true,"href":"https:\/\/bcdeportes.com\/index.php?rest_route=%2Fwp%2Fv2%2Fcomments&post=2855"}],"version-history":[{"count":1,"href":"https:\/\/bcdeportes.com\/index.php?rest_route=\/wp\/v2\/posts\/2855\/revisions"}],"predecessor-version":[{"id":2857,"href":"https:\/\/bcdeportes.com\/index.php?rest_route=\/wp\/v2\/posts\/2855\/revisions\/2857"}],"wp:featuredmedia":[{"embeddable":true,"href":"https:\/\/bcdeportes.com\/index.php?rest_route=\/wp\/v2\/media\/2856"}],"wp:attachment":[{"href":"https:\/\/bcdeportes.com\/index.php?rest_route=%2Fwp%2Fv2%2Fmedia&parent=2855"}],"wp:term":[{"taxonomy":"category","embeddable":true,"href":"https:\/\/bcdeportes.com\/index.php?rest_route=%2Fwp%2Fv2%2Fcategories&post=2855"},{"taxonomy":"post_tag","embeddable":true,"href":"https:\/\/bcdeportes.com\/index.php?rest_route=%2Fwp%2Fv2%2Ftags&post=2855"}],"curies":[{"name":"wp","href":"https:\/\/api.w.org\/{rel}","templated":true}]}}