{"id":28527,"date":"2022-10-30T03:55:16","date_gmt":"2022-10-30T03:55:16","guid":{"rendered":"http:\/\/bcdeportes.com\/?p=28527"},"modified":"2022-10-30T03:55:17","modified_gmt":"2022-10-30T03:55:17","slug":"inmudere-llevo-festival-atletico-a-la-colonia-los-laureles-en-maneadero","status":"publish","type":"post","link":"https:\/\/bcdeportes.com\/?p=28527","title":{"rendered":"Inmudere Llev\u00f3 Festival Atl\u00e9tico a la Colonia Los Laureles en Maneadero"},"content":{"rendered":"\n<p>Inmudere\nLlev\u00f3 Festival Atl\u00e9tico a la Colonia Los Laureles en Maneadero<\/p>\n\n\n\n<p>MANEADERO.-\nEl Instituto Municipal del Deporte y Recreaci\u00f3n de Ensenada en coordinaci\u00f3n con\nel comit\u00e9 vecinal de la colonia Los Laureles, ubicada en la parte alta de\nManeadero realizaron un exitoso festival atl\u00e9tico donde pusieron en movimiento a\nni\u00f1os, j\u00f3venes y mayores de edad.<\/p>\n\n\n\n<p>Fue\nun festival organizado con el comit\u00e9 vecinal de los Laureles de Maneadero en\nconjunto con Inmudere se llev\u00f3 a cabo en una de las calles principales de dicha\ncolonia de la delegaci\u00f3n de Maneadero contando con participaron de m\u00e1s de 80\ncolonos que compitieron para llevarse los primeros lugares dentro de las tres\ncategor\u00edas que fueron, Infantil\\Juvenil,&nbsp;\nMayores y Padres de Familia contando con la coordinaci\u00f3n de Arturo\nRodriguez del equipo de Inmudere.<\/p>\n\n\n\n<p>Luis\nCastro, subdirector de Inmudere a nombre del director V\u00edctor Octavio Gonz\u00e1lez Vel\u00e1zquez\ndio la bienvenida a todos los presentes, se\u00f1alando que el festival atl\u00e9tico fue\ncon<\/p>\n\n\n\n<p>la\nfinalidad de promover la sana convivencia, l activaci\u00f3n f\u00edsica, la promoci\u00f3n de\nla Salud y el deporte como la ha venido realizando el Gobierno Municipal que\npreside Armando Ayala Robles.<\/p>\n\n\n\n<p>El\nsubdirector Castro fue el encargado de hacer la entrega de trofeos y medallas\npara los ganadores de los tres primeros lugares de cada categoria, as\u00ed como reconocimientos\npara todos los participantes.<\/p>\n\n\n\n<p>Para\ncerrar el festival atl\u00e9tico se les ofreci\u00f3 comida y fruta a todos los\nasistentes.<\/p>\n","protected":false},"excerpt":{"rendered":"<div class=\"mh-excerpt\"><p>Inmudere Llev\u00f3 Festival Atl\u00e9tico a la Colonia Los Laureles en Maneadero MANEADERO.- El Instituto Municipal del Deporte y Recreaci\u00f3n de Ensenada en coordinaci\u00f3n con el <a class=\"mh-excerpt-more\" href=\"https:\/\/bcdeportes.com\/?p=28527\" title=\"Inmudere Llev\u00f3 Festival Atl\u00e9tico a la Colonia Los Laureles en Maneadero\">[&#8230;]<\/a><\/p>\n<\/div>","protected":false},"author":2,"featured_media":28528,"comment_status":"closed","ping_status":"closed","sticky":false,"template":"","format":"standard","meta":{"footnotes":""},"categories":[9,1],"tags":[],"class_list":["post-28527","post","type-post","status-publish","format-standard","has-post-thumbnail","hentry","category-inmudere","category-uncategorized"],"_links":{"self":[{"href":"https:\/\/bcdeportes.com\/index.php?rest_route=\/wp\/v2\/posts\/28527","targetHints":{"allow":["GET"]}}],"collection":[{"href":"https:\/\/bcdeportes.com\/index.php?rest_route=\/wp\/v2\/posts"}],"about":[{"href":"https:\/\/bcdeportes.com\/index.php?rest_route=\/wp\/v2\/types\/post"}],"author":[{"embeddable":true,"href":"https:\/\/bcdeportes.com\/index.php?rest_route=\/wp\/v2\/users\/2"}],"replies":[{"embeddable":true,"href":"https:\/\/bcdeportes.com\/index.php?rest_route=%2Fwp%2Fv2%2Fcomments&post=28527"}],"version-history":[{"count":1,"href":"https:\/\/bcdeportes.com\/index.php?rest_route=\/wp\/v2\/posts\/28527\/revisions"}],"predecessor-version":[{"id":28529,"href":"https:\/\/bcdeportes.com\/index.php?rest_route=\/wp\/v2\/posts\/28527\/revisions\/28529"}],"wp:featuredmedia":[{"embeddable":true,"href":"https:\/\/bcdeportes.com\/index.php?rest_route=\/wp\/v2\/media\/28528"}],"wp:attachment":[{"href":"https:\/\/bcdeportes.com\/index.php?rest_route=%2Fwp%2Fv2%2Fmedia&parent=28527"}],"wp:term":[{"taxonomy":"category","embeddable":true,"href":"https:\/\/bcdeportes.com\/index.php?rest_route=%2Fwp%2Fv2%2Fcategories&post=28527"},{"taxonomy":"post_tag","embeddable":true,"href":"https:\/\/bcdeportes.com\/index.php?rest_route=%2Fwp%2Fv2%2Ftags&post=28527"}],"curies":[{"name":"wp","href":"https:\/\/api.w.org\/{rel}","templated":true}]}}