{"id":28491,"date":"2022-10-27T22:55:37","date_gmt":"2022-10-27T22:55:37","guid":{"rendered":"http:\/\/bcdeportes.com\/?p=28491"},"modified":"2022-10-27T22:55:37","modified_gmt":"2022-10-27T22:55:37","slug":"jugaran-estrellas-de-la-especial-varonil-del-vi-torneo-de-softbol-de-los-barrios","status":"publish","type":"post","link":"https:\/\/bcdeportes.com\/?p=28491","title":{"rendered":"Jugaran Estrellas de la Especial Varonil del VI Torneo de Softbol de Los Barrios"},"content":{"rendered":"\n<p>Jugaran\nEstrellas de la Especial Varonil del VI Torneo de Softbol de Los Barrios<\/p>\n\n\n\n<p>MANEADERO.-\nTodo est\u00e1 listo para que el lunes 31 de octubre a partir de las 20:30 horas en\nel campo Manuel Mercado se est\u00e9 celebrando el Juego de Estrellas del Grupo\nEspecial Varonil dentro del VI Torneo de softbol de Los Barrios de Maneadero\nentre el Equipo Ruiz y Equipo Le\u00f3n.<\/p>\n\n\n\n<p>Israel\nPimentel Montijo, dirigente del softbol de los Barrios de Maneadero, comento\nque el Equipo Ruiz ser\u00e1 comandado por Miguel Ruiz y el Equipo Le\u00f3n estar\u00e1 a\ncargo de Luis Le\u00f3n, ambas escuadras de armaron con jugadores de las novenas de Pim\u00e9nteles,\nPitufos, Rancho Dovalina, Parcela 60, Avalos, Cuatreros, Castellanos que est\u00e1n\nparticipando en el Grupo Especial Varonil, Grupo que est\u00e1n en etapa de\nsemifinales.<\/p>\n\n\n\n<p><strong>Equipo Ru\u00edz <\/strong><\/p>\n\n\n\n<p>Jes\u00fas\nR\u00edos, Alfredo Orozco, Alejandro Dovalina, Miguel Gonz\u00e1lez, Everardo Hern\u00e1ndez, \u00c1ngel\nGonz\u00e1lez, Ram\u00f3n Avalos, Juan Garc\u00eda, Alberto Gonz\u00e1lez, Iv\u00e1n Esparza, Alberto Fuerte,\nAlexis Barajas, Eric Vargas, Eduardo N\u00fa\u00f1ez<\/p>\n\n\n\n<p>Manejador:\nMiguel Ruiz<\/p>\n\n\n\n<p><strong>Equipo Le\u00f3n <\/strong><\/p>\n\n\n\n<p>Kenneth\nMondrag\u00f3n, Jes\u00fas Medina, Yahimen Gonz\u00e1lez, Alejandro D. Gonz\u00e1lez, Arturo Araiza,\nDiego Avalos, Edgar Avalos, Alejandro Pimentel, Pablo Arroyo, Armando Melendres,\nArmando Rangel, Omar L\u00f3pez, Jes\u00fas Pimentel y Oziel Flores<\/p>\n\n\n\n<p>Manejador:\nLuis Le\u00f3n<\/p>\n","protected":false},"excerpt":{"rendered":"<div class=\"mh-excerpt\"><p>Jugaran Estrellas de la Especial Varonil del VI Torneo de Softbol de Los Barrios MANEADERO.- Todo est\u00e1 listo para que el lunes 31 de octubre <a class=\"mh-excerpt-more\" href=\"https:\/\/bcdeportes.com\/?p=28491\" title=\"Jugaran Estrellas de la Especial Varonil del VI Torneo de Softbol de Los Barrios\">[&#8230;]<\/a><\/p>\n<\/div>","protected":false},"author":2,"featured_media":28492,"comment_status":"closed","ping_status":"closed","sticky":false,"template":"","format":"standard","meta":{"footnotes":""},"categories":[1],"tags":[],"class_list":["post-28491","post","type-post","status-publish","format-standard","has-post-thumbnail","hentry","category-uncategorized"],"_links":{"self":[{"href":"https:\/\/bcdeportes.com\/index.php?rest_route=\/wp\/v2\/posts\/28491","targetHints":{"allow":["GET"]}}],"collection":[{"href":"https:\/\/bcdeportes.com\/index.php?rest_route=\/wp\/v2\/posts"}],"about":[{"href":"https:\/\/bcdeportes.com\/index.php?rest_route=\/wp\/v2\/types\/post"}],"author":[{"embeddable":true,"href":"https:\/\/bcdeportes.com\/index.php?rest_route=\/wp\/v2\/users\/2"}],"replies":[{"embeddable":true,"href":"https:\/\/bcdeportes.com\/index.php?rest_route=%2Fwp%2Fv2%2Fcomments&post=28491"}],"version-history":[{"count":1,"href":"https:\/\/bcdeportes.com\/index.php?rest_route=\/wp\/v2\/posts\/28491\/revisions"}],"predecessor-version":[{"id":28493,"href":"https:\/\/bcdeportes.com\/index.php?rest_route=\/wp\/v2\/posts\/28491\/revisions\/28493"}],"wp:featuredmedia":[{"embeddable":true,"href":"https:\/\/bcdeportes.com\/index.php?rest_route=\/wp\/v2\/media\/28492"}],"wp:attachment":[{"href":"https:\/\/bcdeportes.com\/index.php?rest_route=%2Fwp%2Fv2%2Fmedia&parent=28491"}],"wp:term":[{"taxonomy":"category","embeddable":true,"href":"https:\/\/bcdeportes.com\/index.php?rest_route=%2Fwp%2Fv2%2Fcategories&post=28491"},{"taxonomy":"post_tag","embeddable":true,"href":"https:\/\/bcdeportes.com\/index.php?rest_route=%2Fwp%2Fv2%2Ftags&post=28491"}],"curies":[{"name":"wp","href":"https:\/\/api.w.org\/{rel}","templated":true}]}}