{"id":2817,"date":"2015-11-25T21:30:44","date_gmt":"2015-11-25T21:30:44","guid":{"rendered":"http:\/\/bcdeportes.com\/?p=2817"},"modified":"2015-11-25T21:30:44","modified_gmt":"2015-11-25T21:30:44","slug":"2015-un-gran-ano-para-el-deporte-de-baja-california","status":"publish","type":"post","link":"https:\/\/bcdeportes.com\/?p=2817","title":{"rendered":"2015: UN GRAN A\u00d1O PARA EL DEPORTE DE BAJA CALIFORNIA"},"content":{"rendered":"<p>2015: UN GRAN A\u00d1O PARA EL DEPORTE DE BAJA CALIFORNIA<\/p>\n<p>TIJUANA, Baja California &#8211; El 2015 se ha traducido como un a\u00f1o de gran<br \/>\nactividad y de grandes resultados para el deporte de Baja California.<\/p>\n<p>Prueba de ello se encuentra en la variedad de eventos que posicionaron<br \/>\nal estado en el terreno no s\u00f3lo nacional, sino tambi\u00e9n internacional<br \/>\nal realizarse competencias como el Campeonato Mundial de Voleibol<br \/>\nVaronil Sub 21 en las Ciudades de Tijuana y Mexicali, as\u00ed como tambi\u00e9n<br \/>\nel Campeonato Panamericano Infantil y Juvenil de B\u00e1dminton en el<br \/>\nCentro de Alto Rendimiento en Tijuana.<\/p>\n<p>De igual forma se encuentra la eliminatoria de clasificaci\u00f3n en la<br \/>\ndisciplina de boxeo rumbo a los Juegos Panamericanos de Toronto 2015,<br \/>\ndonde estuvieron presentes varios p\u00fagiles que a la postre se<br \/>\nconsagrar\u00edan como ganadores de preseas en ambas ramas.<br \/>\nVisitantes de diferentes pa\u00edses se dieron cita para conocer nuestras<br \/>\ninstalaciones, as\u00ed como la gastronom\u00eda y las bondades que ofrece esta<br \/>\nregi\u00f3n, que de nueva cuenta ha posicionado a M\u00e9xico de una manera<br \/>\nsumamente positiva.<\/p>\n<p>\u201cEl deporte de Baja California y sus embajadores tienen una gran<br \/>\nriqueza\u201d, mencion\u00f3 el Director del Instituto del Deporte y la Cultura<br \/>\nF\u00edsica de Baja California, Sa\u00fal Castro Verdugo durante la pasada Gala<br \/>\ndel Deporte 2015.<\/p>\n<p>\u201cEn este ciclo para reconocer a los Ganadores del Premio Estatal dos<br \/>\ncompetencias importantes del ciclo ol\u00edmpico, como son los Juegos<br \/>\nCentroamericanos y los Panamericanos adem\u00e1s de los Campeonatos<br \/>\nMundiales, Centroamericanos y Panamericanos de la especialidad o copas<br \/>\ndel mundo,\u201d record\u00f3.<\/p>\n<p>\u201cTodos los d\u00edas recibimos noticias de bajacalifornianos representando<br \/>\na M\u00e9xico en el extranjero con un gran resultado,\u201d resalt\u00f3.<\/p>\n<p>Un centro con gran proyecci\u00f3n<\/p>\n<p>El Centro de Desarrollo de Voleibol FIVB, ubicado en las instalaciones<br \/>\ndel CAR, tambi\u00e9n fungi\u00f3 como sede de importantes seminarios de<br \/>\npreparaci\u00f3n de entrenadores internacionales.<br \/>\nEn los meses marzo, mayo y octubre de 2015 se realizaron los cursos de<br \/>\ncapacitaci\u00f3n para entrenadores de voleibol de playa, y sala en los<br \/>\nNiveles I y II.<\/p>\n<p>Tambi\u00e9n, se tiene contemplado al cierre del a\u00f1o, la realizaci\u00f3n del<br \/>\nseminario de voleibol sentado, el cual se realiza por primera vez en<br \/>\nM\u00e9xico a fin de fortalecer al deporte adaptado.<br \/>\nEste a\u00f1o contamos tambi\u00e9n con la visita de personalidades del deporte<br \/>\ninternacional y de altos dirigentes, adem\u00e1s de especialistas e<br \/>\ninvestigadores en la materia que participaron en el Congreso<br \/>\nInternacional de Educaci\u00f3n F\u00edsica y Deportes, adem\u00e1s de participar en<br \/>\nreuniones de trabajo con autoridades del INDE.<\/p>\n<p>Otra de las actividades que se han sumado a la agenda deportiva la<br \/>\nconstituyen los Juegos Binacionales que tuvieron su segunda edici\u00f3n y<br \/>\ncuyo objetivo consiste en estrechar los lazos de cooperaci\u00f3n e<br \/>\nintercambio con la juventud y organizaciones deportivas del vecino<br \/>\nestado de California y los Estados Unidos.<\/p>\n<p>A ello se suma la participaci\u00f3n de otras naciones y estados del pa\u00eds,<br \/>\ncon la finalidad de elevar el nivel de competencia y el fogueo de las<br \/>\nentidades y delegaciones que se suman a este gran esfuerzo.<\/p>\n","protected":false},"excerpt":{"rendered":"<div class=\"mh-excerpt\"><p>2015: UN GRAN A\u00d1O PARA EL DEPORTE DE BAJA CALIFORNIA TIJUANA, Baja California &#8211; El 2015 se ha traducido como un a\u00f1o de gran actividad <a class=\"mh-excerpt-more\" href=\"https:\/\/bcdeportes.com\/?p=2817\" title=\"2015: UN GRAN A\u00d1O PARA EL DEPORTE DE BAJA CALIFORNIA\">[&#8230;]<\/a><\/p>\n<\/div>","protected":false},"author":2,"featured_media":2818,"comment_status":"closed","ping_status":"closed","sticky":false,"template":"","format":"standard","meta":{"footnotes":""},"categories":[8],"tags":[],"class_list":["post-2817","post","type-post","status-publish","format-standard","has-post-thumbnail","hentry","category-inde"],"_links":{"self":[{"href":"https:\/\/bcdeportes.com\/index.php?rest_route=\/wp\/v2\/posts\/2817","targetHints":{"allow":["GET"]}}],"collection":[{"href":"https:\/\/bcdeportes.com\/index.php?rest_route=\/wp\/v2\/posts"}],"about":[{"href":"https:\/\/bcdeportes.com\/index.php?rest_route=\/wp\/v2\/types\/post"}],"author":[{"embeddable":true,"href":"https:\/\/bcdeportes.com\/index.php?rest_route=\/wp\/v2\/users\/2"}],"replies":[{"embeddable":true,"href":"https:\/\/bcdeportes.com\/index.php?rest_route=%2Fwp%2Fv2%2Fcomments&post=2817"}],"version-history":[{"count":1,"href":"https:\/\/bcdeportes.com\/index.php?rest_route=\/wp\/v2\/posts\/2817\/revisions"}],"predecessor-version":[{"id":2819,"href":"https:\/\/bcdeportes.com\/index.php?rest_route=\/wp\/v2\/posts\/2817\/revisions\/2819"}],"wp:featuredmedia":[{"embeddable":true,"href":"https:\/\/bcdeportes.com\/index.php?rest_route=\/wp\/v2\/media\/2818"}],"wp:attachment":[{"href":"https:\/\/bcdeportes.com\/index.php?rest_route=%2Fwp%2Fv2%2Fmedia&parent=2817"}],"wp:term":[{"taxonomy":"category","embeddable":true,"href":"https:\/\/bcdeportes.com\/index.php?rest_route=%2Fwp%2Fv2%2Fcategories&post=2817"},{"taxonomy":"post_tag","embeddable":true,"href":"https:\/\/bcdeportes.com\/index.php?rest_route=%2Fwp%2Fv2%2Ftags&post=2817"}],"curies":[{"name":"wp","href":"https:\/\/api.w.org\/{rel}","templated":true}]}}