{"id":2681,"date":"2015-11-11T22:16:19","date_gmt":"2015-11-11T22:16:19","guid":{"rendered":"http:\/\/bcdeportes.com\/?p=2681"},"modified":"2015-11-11T22:16:19","modified_gmt":"2015-11-11T22:16:19","slug":"con-650-estudiantes-arranca-el-congreso-internacional","status":"publish","type":"post","link":"https:\/\/bcdeportes.com\/?p=2681","title":{"rendered":"Con 650 Estudiantes Arranca el Congreso Internacional"},"content":{"rendered":"<p>Promovido por la Facultad de Deportes UABC<\/p>\n<p>Con 650 Estudiantes Arranca el Congreso<\/p>\n<p>Internacional de Actividad F\u00edsica y Ciencias del Deporte<\/p>\n<p>ENSENADA.- El Puerto de Ensenada recibi\u00f3 a m\u00e1s de 650 estudiantes de diferentes partes de la Rep\u00fablica, as\u00ed como estudiantes de Brasil, para asistir como congresistas al XII Congreso Internacional de Actividad F\u00edsica y Ciencias del Deporte y  del VIII Congreso Internacional de Motricidad Humana.<br \/>\nLa ceremonia de inauguraci\u00f3n se llev\u00f3 a cabo en el centro social, c\u00edvico y cultural Riviera dentro de las instalaciones del sal\u00f3n Catedral, contando en la mesa de pres\u00eddium con el anfitri\u00f3n del evento, Emilio Manuel Arrayales Mill\u00e1n, director de la Facultad de Deportes; en representaci\u00f3n de la vicerrectora Blanca Rosa Garc\u00eda Rivera, el MI. Adalberto Avelar Garc\u00eda Rojas jefe del departamento de cooperaci\u00f3n internacional e intercambio Acad\u00e9mica; en representaci\u00f3n del presidente municipal Gilberto Hirata Chico, Luis Mario C\u00e9sar Lamadrid Garc\u00eda, director del Riviera, as\u00ed mismo Jos\u00e9 David Ledezma Torres, coordinador de cooperaci\u00f3n internacional e intercambio acad\u00e9mico y por supuesto el presidente de la Red Euroamericana de Motricidad Humana Est\u00e9lio Henrique Mart\u00edn Dantas.<br \/>\nAnte la presencia de congresistas y m\u00e1s de 35 ponentes de talla Internacional, la ceremonia dio inicio a las 9:30 horas y arranc\u00f3 con un bailable realizado por el equipo de staff del congreso, contin\u00fao la presentaci\u00f3n impecable de la Banda de Guerra de la Universidad Aut\u00f3noma de Baja California liderada por  Carlos Cort\u00e9s, para s\u00ed darle paso a la en\u00e9rgica voz de la estudiante de m\u00fasica de la  Facultad de Artes, la alumna Mariana Flores Bucio.<br \/>\nFue as\u00ed que se le dio la palabra al maestro Arrayales para dar la bienvenida a congresistas y ponentes, despu\u00e9s se dio el mensaje de la vicerrectora por parte del MI. Adalberto Avelar y por \u00faltimo se cedi\u00f3 la palabra al Dr. Jos\u00e9 David Ledezma Torres quien dio la declaraci\u00f3n de inauguraci\u00f3n del Congreso Internacional.<br \/>\nEl congreso cuenta con conferencias simult\u00e1neas, talleres y mesas tem\u00e1ticas que terminar\u00e1n el d\u00eda viernes 13 de Noviembre. La Universidad Aut\u00f3noma de Baja California a trav\u00e9s de la Facultad de Deportes les da la m\u00e1s cordial y calurosa bienvenida.<\/p>\n","protected":false},"excerpt":{"rendered":"<div class=\"mh-excerpt\"><p>Promovido por la Facultad de Deportes UABC Con 650 Estudiantes Arranca el Congreso Internacional de Actividad F\u00edsica y Ciencias del Deporte ENSENADA.- El Puerto de <a class=\"mh-excerpt-more\" href=\"https:\/\/bcdeportes.com\/?p=2681\" title=\"Con 650 Estudiantes Arranca el Congreso Internacional\">[&#8230;]<\/a><\/p>\n<\/div>","protected":false},"author":2,"featured_media":2682,"comment_status":"closed","ping_status":"closed","sticky":false,"template":"","format":"standard","meta":{"footnotes":""},"categories":[1],"tags":[],"class_list":["post-2681","post","type-post","status-publish","format-standard","has-post-thumbnail","hentry","category-uncategorized"],"_links":{"self":[{"href":"https:\/\/bcdeportes.com\/index.php?rest_route=\/wp\/v2\/posts\/2681","targetHints":{"allow":["GET"]}}],"collection":[{"href":"https:\/\/bcdeportes.com\/index.php?rest_route=\/wp\/v2\/posts"}],"about":[{"href":"https:\/\/bcdeportes.com\/index.php?rest_route=\/wp\/v2\/types\/post"}],"author":[{"embeddable":true,"href":"https:\/\/bcdeportes.com\/index.php?rest_route=\/wp\/v2\/users\/2"}],"replies":[{"embeddable":true,"href":"https:\/\/bcdeportes.com\/index.php?rest_route=%2Fwp%2Fv2%2Fcomments&post=2681"}],"version-history":[{"count":1,"href":"https:\/\/bcdeportes.com\/index.php?rest_route=\/wp\/v2\/posts\/2681\/revisions"}],"predecessor-version":[{"id":2683,"href":"https:\/\/bcdeportes.com\/index.php?rest_route=\/wp\/v2\/posts\/2681\/revisions\/2683"}],"wp:featuredmedia":[{"embeddable":true,"href":"https:\/\/bcdeportes.com\/index.php?rest_route=\/wp\/v2\/media\/2682"}],"wp:attachment":[{"href":"https:\/\/bcdeportes.com\/index.php?rest_route=%2Fwp%2Fv2%2Fmedia&parent=2681"}],"wp:term":[{"taxonomy":"category","embeddable":true,"href":"https:\/\/bcdeportes.com\/index.php?rest_route=%2Fwp%2Fv2%2Fcategories&post=2681"},{"taxonomy":"post_tag","embeddable":true,"href":"https:\/\/bcdeportes.com\/index.php?rest_route=%2Fwp%2Fv2%2Ftags&post=2681"}],"curies":[{"name":"wp","href":"https:\/\/api.w.org\/{rel}","templated":true}]}}