{"id":2610,"date":"2015-11-04T20:19:03","date_gmt":"2015-11-04T20:19:03","guid":{"rendered":"http:\/\/bcdeportes.com\/?p=2610"},"modified":"2015-11-04T20:19:03","modified_gmt":"2015-11-04T20:19:03","slug":"bienvenido-miguel-herrera","status":"publish","type":"post","link":"https:\/\/bcdeportes.com\/?p=2610","title":{"rendered":"\u00a1BIENVENIDO MIGUEL HERRERA!"},"content":{"rendered":"<p>\u00a1BIENVENIDO MIGUEL HERRERA!<\/p>\n<p>Dirigir\u00e1 a partir del Clausura 2016<\/p>\n<p>(DESCARGA DE VIDEO: http:\/\/bit.ly\/1MDp770 )<\/p>\n<p>Tijuana, Baja California, 2 de Noviembre de 2015._ El Club Tijuana<br \/>\nXoloitzcuintles de Caliente contar\u00e1 con el Director T\u00e9cnico Miguel<br \/>\nErnesto Herrera Aguirre como entrenador a partir del Torneo Clausura<br \/>\n2016 de la LIGA MX. Como se hab\u00eda establecido con anterioridad, la<br \/>\nDirecci\u00f3n T\u00e9cnica del primer equipo en el cierre del presente torneo<br \/>\nestar\u00e1 a cargo del entrenador Ra\u00fal Chabrand.<\/p>\n<p>Herrera firm\u00f3 un contrato por dos a\u00f1os con el Club Tijuana y ser\u00e1 a<br \/>\npartir del mes de diciembre cuando tome las riendas del equipo para el<br \/>\narranque del Torneo Clausura 2016.<\/p>\n<p>\u201cPrimero quiero agradecer al Presidente del Club, Jorgealberto Hank<br \/>\nInzunza por ofrecerme trabajo. Estoy muy contento, es una directiva que<br \/>\ntiene en su idea siempre un proyecto ganador, un proyecto que se conecte<br \/>\ncon la gente, que todo sea exitoso.<\/p>\n<p>\u201cHay gente importante en la instituci\u00f3n que en poco tiempo ha hecho<br \/>\ncrecer mucho este proyecto, me siento comprometid\u00edsimo al \u00e9xito de ellos<br \/>\ny a lograrlo juntos\u201d, coment\u00f3 Miguel Herrera.<\/p>\n<p>El Cuerpo T\u00e9cnico que acompa\u00f1ar\u00e1 a Miguel Herrera con los<br \/>\nXoloitzcuintles son los auxiliares Diego Ram\u00edrez y \u00c1lvaro Galindo, el<br \/>\nPreparador F\u00edsico Jos\u00e9 Rangel, adem\u00e1s de Jos\u00e9 Torruco como entrenador de<br \/>\nporteros.<\/p>\n<p>\u201cSomos un gran cuerpo t\u00e9cnico, pero tambi\u00e9n nos vamos a apoyar con la<br \/>\ngente de la instituci\u00f3n que est\u00e1 trabajando en Fuerzas B\u00e1sicas, conozco<br \/>\nbien a Gerardo Jim\u00e9nez, a Ra\u00fal Chabrand, apoyarnos en ellos para ver<br \/>\ntodo el talento de los j\u00f3venes que puedan estar despu\u00e9s en el primer<br \/>\nequipo\u201d, destac\u00f3 Herrera.<\/p>\n<p>Como jugador, Herrera fue Campe\u00f3n en Primera Divisi\u00f3n con el Atlante en<br \/>\nla Temporada 1992-93 y Subcampe\u00f3n de la Copa Am\u00e9rica de Ecuador 1993 con<br \/>\nel \u201cTri\u201d. Ya como entrenador, fue Campe\u00f3n en Primera Divisi\u00f3n con el<br \/>\nClub Am\u00e9rica en el Clausura 2013.<\/p>\n<p>\u201cVamos a lograr cosas exitosas y con esa idea de que ma\u00f1ana vuelvan a<br \/>\ntocar la puerta gente de selecci\u00f3n\u2026 Y que me esperen, porque queremos<br \/>\nestar muchos a\u00f1os en Xolos.<\/p>\n<p>\u201cVenimos con la idea de darle m\u00e1s t\u00edtulos a Tijuana. Por supuesto el<br \/>\ncompromiso con ellos para hacer un equipo ganador, generar triunfos,<br \/>\n\u00e9xitos y por supuesto t\u00edtulos, queremos ver nuevamente a nuestra gente<br \/>\ncelebrando t\u00edtulos\u201d, explic\u00f3 Herrera.<\/p>\n<p>Miguel destac\u00f3 la estructura del Club Tijuana con el trabajo desde las<br \/>\ndivisiones juveniles.<\/p>\n","protected":false},"excerpt":{"rendered":"<div class=\"mh-excerpt\"><p>\u00a1BIENVENIDO MIGUEL HERRERA! Dirigir\u00e1 a partir del Clausura 2016 (DESCARGA DE VIDEO: http:\/\/bit.ly\/1MDp770 ) Tijuana, Baja California, 2 de Noviembre de 2015._ El Club Tijuana <a class=\"mh-excerpt-more\" href=\"https:\/\/bcdeportes.com\/?p=2610\" title=\"\u00a1BIENVENIDO MIGUEL HERRERA!\">[&#8230;]<\/a><\/p>\n<\/div>","protected":false},"author":2,"featured_media":2611,"comment_status":"closed","ping_status":"closed","sticky":false,"template":"","format":"standard","meta":{"footnotes":""},"categories":[3],"tags":[],"class_list":["post-2610","post","type-post","status-publish","format-standard","has-post-thumbnail","hentry","category-futbol"],"_links":{"self":[{"href":"https:\/\/bcdeportes.com\/index.php?rest_route=\/wp\/v2\/posts\/2610","targetHints":{"allow":["GET"]}}],"collection":[{"href":"https:\/\/bcdeportes.com\/index.php?rest_route=\/wp\/v2\/posts"}],"about":[{"href":"https:\/\/bcdeportes.com\/index.php?rest_route=\/wp\/v2\/types\/post"}],"author":[{"embeddable":true,"href":"https:\/\/bcdeportes.com\/index.php?rest_route=\/wp\/v2\/users\/2"}],"replies":[{"embeddable":true,"href":"https:\/\/bcdeportes.com\/index.php?rest_route=%2Fwp%2Fv2%2Fcomments&post=2610"}],"version-history":[{"count":1,"href":"https:\/\/bcdeportes.com\/index.php?rest_route=\/wp\/v2\/posts\/2610\/revisions"}],"predecessor-version":[{"id":2612,"href":"https:\/\/bcdeportes.com\/index.php?rest_route=\/wp\/v2\/posts\/2610\/revisions\/2612"}],"wp:featuredmedia":[{"embeddable":true,"href":"https:\/\/bcdeportes.com\/index.php?rest_route=\/wp\/v2\/media\/2611"}],"wp:attachment":[{"href":"https:\/\/bcdeportes.com\/index.php?rest_route=%2Fwp%2Fv2%2Fmedia&parent=2610"}],"wp:term":[{"taxonomy":"category","embeddable":true,"href":"https:\/\/bcdeportes.com\/index.php?rest_route=%2Fwp%2Fv2%2Fcategories&post=2610"},{"taxonomy":"post_tag","embeddable":true,"href":"https:\/\/bcdeportes.com\/index.php?rest_route=%2Fwp%2Fv2%2Ftags&post=2610"}],"curies":[{"name":"wp","href":"https:\/\/api.w.org\/{rel}","templated":true}]}}