{"id":24293,"date":"2021-11-03T23:45:36","date_gmt":"2021-11-03T23:45:36","guid":{"rendered":"http:\/\/bcdeportes.com\/?p=24293"},"modified":"2021-11-03T23:45:36","modified_gmt":"2021-11-03T23:45:36","slug":"inmudere-invita-a-la-carrera-dia-de-muertos","status":"publish","type":"post","link":"https:\/\/bcdeportes.com\/?p=24293","title":{"rendered":"Inmudere Invita a la carrera \u201cD\u00eda de Muertos\u201d"},"content":{"rendered":"\n<p>Inmudere\nInvita a la carrera \u201cD\u00eda de Muertos\u201d<\/p>\n\n\n\n<p>ENSENADA.-\nEn el marco de los festejos del d\u00eda de muertos, el gobierno municipal que\nencabeza el alcalde Armando Ayala Robles, lanzo&nbsp;\nla invitaci\u00f3n a participar en la carrera atletica familiar conmemorativa\na esta tradici\u00f3n mexicana, misma que se realizara este 5 de noviembre a trav\u00e9s\ndel Instituto Municipal del Deporte y Recreaci\u00f3n de Ensenada.<\/p>\n\n\n\n<p>Renzo\nElizondo, titular de la paramunicipal deportiva mencion\u00f3 que el evento se\nestar\u00e1 realizando el pr\u00f3ximo viernes 5 de noviembre del presente, teniendo como\nsalida y meta el centro educativo CONALEP, siendo una carrera 100 por ciento\nfamiliar con un trayecto de 5 kil\u00f3metros, mismos que atravesar\u00e1n parte de la\nplaya.<\/p>\n\n\n\n<p>La\ncarrera tendr\u00e1 un cupo limitado de 100 inscritos por cuestiones de\nbioseguridad, se premiar\u00e1 con medalla alusiva a los primeros 5 participantes de\ncada rama en cruzar la meta y al finalizar se realizar\u00e1n rifas de material\ndeportivo entre todos los participantes.<\/p>\n\n\n\n<p>Las\ninscripciones contin\u00faan abiertas en el \u00e1rea t\u00e9cnica del deportivo Sullivan en\nun horario de 8:00 am a 5:00 pm y son totalmente gratuitas, se invita a la\ncomunidad a acudir con disfraz (no obligatorio), as\u00ed como a ir acompa\u00f1ado de\nsus mascotas.<\/p>\n","protected":false},"excerpt":{"rendered":"<div class=\"mh-excerpt\"><p>Inmudere Invita a la carrera \u201cD\u00eda de Muertos\u201d ENSENADA.- En el marco de los festejos del d\u00eda de muertos, el gobierno municipal que encabeza el <a class=\"mh-excerpt-more\" href=\"https:\/\/bcdeportes.com\/?p=24293\" title=\"Inmudere Invita a la carrera \u201cD\u00eda de Muertos\u201d\">[&#8230;]<\/a><\/p>\n<\/div>","protected":false},"author":2,"featured_media":24294,"comment_status":"closed","ping_status":"closed","sticky":false,"template":"","format":"standard","meta":{"footnotes":""},"categories":[9,1],"tags":[],"class_list":["post-24293","post","type-post","status-publish","format-standard","has-post-thumbnail","hentry","category-inmudere","category-uncategorized"],"_links":{"self":[{"href":"https:\/\/bcdeportes.com\/index.php?rest_route=\/wp\/v2\/posts\/24293","targetHints":{"allow":["GET"]}}],"collection":[{"href":"https:\/\/bcdeportes.com\/index.php?rest_route=\/wp\/v2\/posts"}],"about":[{"href":"https:\/\/bcdeportes.com\/index.php?rest_route=\/wp\/v2\/types\/post"}],"author":[{"embeddable":true,"href":"https:\/\/bcdeportes.com\/index.php?rest_route=\/wp\/v2\/users\/2"}],"replies":[{"embeddable":true,"href":"https:\/\/bcdeportes.com\/index.php?rest_route=%2Fwp%2Fv2%2Fcomments&post=24293"}],"version-history":[{"count":1,"href":"https:\/\/bcdeportes.com\/index.php?rest_route=\/wp\/v2\/posts\/24293\/revisions"}],"predecessor-version":[{"id":24295,"href":"https:\/\/bcdeportes.com\/index.php?rest_route=\/wp\/v2\/posts\/24293\/revisions\/24295"}],"wp:featuredmedia":[{"embeddable":true,"href":"https:\/\/bcdeportes.com\/index.php?rest_route=\/wp\/v2\/media\/24294"}],"wp:attachment":[{"href":"https:\/\/bcdeportes.com\/index.php?rest_route=%2Fwp%2Fv2%2Fmedia&parent=24293"}],"wp:term":[{"taxonomy":"category","embeddable":true,"href":"https:\/\/bcdeportes.com\/index.php?rest_route=%2Fwp%2Fv2%2Fcategories&post=24293"},{"taxonomy":"post_tag","embeddable":true,"href":"https:\/\/bcdeportes.com\/index.php?rest_route=%2Fwp%2Fv2%2Ftags&post=24293"}],"curies":[{"name":"wp","href":"https:\/\/api.w.org\/{rel}","templated":true}]}}