{"id":24251,"date":"2021-10-30T21:27:57","date_gmt":"2021-10-30T21:27:57","guid":{"rendered":"http:\/\/bcdeportes.com\/?p=24251"},"modified":"2021-10-30T22:36:33","modified_gmt":"2021-10-30T22:36:33","slug":"los-tecatos-team-se-alistan-para-debutar-en-el-softbol-de-los-barrios","status":"publish","type":"post","link":"https:\/\/bcdeportes.com\/?p=24251","title":{"rendered":"Los Tecatos Team se Alistan Para Debutar en el Softbol de Los Barrios"},"content":{"rendered":"\n<p>Los\nTecatos Team se Alistan Para Debutar en el Softbol de Los Barrios<\/p>\n\n\n\n<p>MANEADERO.-\nEl conjunto de Tecatos Team se encuentra en plena preparaci\u00f3n para hacer su\ndebut en lo que ser\u00e1 la sexta edici\u00f3n del Torneo de Softbol de Los Barrios de Maneadero\nque preside Israel Pimentel en coordinaci\u00f3n con el Instituto Municipal del\nDeporte y Recreaci\u00f3n.<\/p>\n\n\n\n<p>La\nnovena de Tecatos Team tendr\u00e1 como manejador a Miguel Ponce y su coach ser\u00e1\nAlexis Ponce, quienes se dieron a la tarea de arman el equipo con pura sangre\njoven y estar listos para la sexta edici\u00f3n del softbol de Los Barrios de\nManeadero en el cual se espera la participaci\u00f3n de 50 equipos que ser\u00e1n divididos\nen 6 Grupos.<\/p>\n\n\n\n<p>Israel Pimentel titular del certamen de los Barrios y gran amigo de la comunidad en Maneadero est\u00e1 trabajando para seguir teniendo un gran evento deportivo ya que \u00e9l n\u00famero de equipos que se est\u00e1n registrando se\u00f1ala el gran trabajo que se hace en la modalidad del deporte de bola bofa ya que as\u00ed lo han demostrado al ir creciendo desde que se hizo cargo primero como coordinador y despu\u00e9s ratificado como su presidente por parte un\u00e1nime de los 35 delegados que en ese momento estaban registrados.<\/p>\n\n\n\n<p>El\nplantel de Tecatos Team est\u00e1 integrado por:<\/p>\n\n\n\n<p>Alejandro\nPonce; Catcher<\/p>\n\n\n\n<p>Cesar\nMu\u00f1oz; Lanzador<\/p>\n\n\n\n<p>Carlos\nManr\u00edquez; Primera Base<\/p>\n\n\n\n<p>Samuel\nGarnica; Segunda Base<\/p>\n\n\n\n<p>Itzam\nUribe; Tercera Base<\/p>\n\n\n\n<p>Brayham\nTirado; Parador en Corto<\/p>\n\n\n\n<p>Miguel\nPonce Jr; Jard\u00edn Derecho<\/p>\n\n\n\n<p>Osvaldo\nLucero; Jard\u00edn Central<\/p>\n\n\n\n<p>Rom\u00e1n\nBuenrostro; Jard\u00edn Izquierdo<\/p>\n\n\n\n<p>Farit\nS\u00e1nchez; Bateador Designado<\/p>\n\n\n\n<p>Arturo\nGonzales; Bateador Designado<\/p>\n\n\n\n<p>Manejador;\nMiguel Ponce<\/p>\n\n\n\n<p>Coach;\nAlexis Ponce<\/p>\n","protected":false},"excerpt":{"rendered":"<div class=\"mh-excerpt\"><p>Los Tecatos Team se Alistan Para Debutar en el Softbol de Los Barrios MANEADERO.- El conjunto de Tecatos Team se encuentra en plena preparaci\u00f3n para <a class=\"mh-excerpt-more\" href=\"https:\/\/bcdeportes.com\/?p=24251\" title=\"Los Tecatos Team se Alistan Para Debutar en el Softbol de Los Barrios\">[&#8230;]<\/a><\/p>\n<\/div>","protected":false},"author":2,"featured_media":24252,"comment_status":"closed","ping_status":"closed","sticky":false,"template":"","format":"standard","meta":{"footnotes":""},"categories":[2],"tags":[],"class_list":["post-24251","post","type-post","status-publish","format-standard","has-post-thumbnail","hentry","category-beisbol"],"_links":{"self":[{"href":"https:\/\/bcdeportes.com\/index.php?rest_route=\/wp\/v2\/posts\/24251","targetHints":{"allow":["GET"]}}],"collection":[{"href":"https:\/\/bcdeportes.com\/index.php?rest_route=\/wp\/v2\/posts"}],"about":[{"href":"https:\/\/bcdeportes.com\/index.php?rest_route=\/wp\/v2\/types\/post"}],"author":[{"embeddable":true,"href":"https:\/\/bcdeportes.com\/index.php?rest_route=\/wp\/v2\/users\/2"}],"replies":[{"embeddable":true,"href":"https:\/\/bcdeportes.com\/index.php?rest_route=%2Fwp%2Fv2%2Fcomments&post=24251"}],"version-history":[{"count":2,"href":"https:\/\/bcdeportes.com\/index.php?rest_route=\/wp\/v2\/posts\/24251\/revisions"}],"predecessor-version":[{"id":24258,"href":"https:\/\/bcdeportes.com\/index.php?rest_route=\/wp\/v2\/posts\/24251\/revisions\/24258"}],"wp:featuredmedia":[{"embeddable":true,"href":"https:\/\/bcdeportes.com\/index.php?rest_route=\/wp\/v2\/media\/24252"}],"wp:attachment":[{"href":"https:\/\/bcdeportes.com\/index.php?rest_route=%2Fwp%2Fv2%2Fmedia&parent=24251"}],"wp:term":[{"taxonomy":"category","embeddable":true,"href":"https:\/\/bcdeportes.com\/index.php?rest_route=%2Fwp%2Fv2%2Fcategories&post=24251"},{"taxonomy":"post_tag","embeddable":true,"href":"https:\/\/bcdeportes.com\/index.php?rest_route=%2Fwp%2Fv2%2Ftags&post=24251"}],"curies":[{"name":"wp","href":"https:\/\/api.w.org\/{rel}","templated":true}]}}