{"id":24178,"date":"2021-10-24T23:02:14","date_gmt":"2021-10-24T23:02:14","guid":{"rendered":"http:\/\/bcdeportes.com\/?p=24178"},"modified":"2021-10-24T23:02:14","modified_gmt":"2021-10-24T23:02:14","slug":"celebran-el-mes-rosa-con-activacion-fisica","status":"publish","type":"post","link":"https:\/\/bcdeportes.com\/?p=24178","title":{"rendered":"Celebran el Mes Rosa Con Activaci\u00f3n F\u00edsica"},"content":{"rendered":"\n<p> Celebran el Mes Rosa Con Activaci\u00f3n F\u00edsica<br><\/p>\n\n\n\n<p>ENSENADA.- Con motivo de crear conciencia en la poblaci\u00f3n ante la terrible enfermedad que es el c\u00e1ncer de mama, el Gobierno Municipal a trav\u00e9s del Inmudere llev\u00f3 a cabo el evento de activaci\u00f3n f\u00edsica denominado \u201cOctubre Rosa\u201d, en el marco del mes contra la lucha de la enfermedad mamaria.<br>Laura Marmolejo, directora de la paramunicipal deportiva fue la portavoz del mensaje de bienvenida a los y las presentes en el evento, el cual tuvo lugar en la unidad deportiva Sullivan, agradeciendo su asistencia y reiterando el seguimiento que la dependencia a su cargo dar\u00e1 a este tipo de eventos con causa. Asimismo agradeci\u00f3 el apoyo de Isesalud por la instalaci\u00f3n en el evento de un stand informativo donde se obsequiaron mastograf\u00edas para la detecci\u00f3n oportuna.<br>En el evento se cont\u00f3 con una clase de zumba a cargo del instructor Ita\u00ed Cabrera, Daniela Machado de Vivanza. Fitness Studio con la c\u00e1tedra de Power Sculpt y una demostraci\u00f3n de baile con beb\u00e9s a cargo de las chicas de Ensenada Lacta Crecer a Conciencia &#8211; Danza con beb\u00e9 Ensenada comandadas por Norma Oliva.<br>Se realizaron rifas entre los y las participantes de material deportivo, mismo que entreg\u00f3 el Lic. Renzo Elizondo, subdirector t\u00e9cnico para fomentar la realizaci\u00f3n de actividad f\u00edsica entre nuestros asistentes. <\/p>\n","protected":false},"excerpt":{"rendered":"<div class=\"mh-excerpt\"><p>Celebran el Mes Rosa Con Activaci\u00f3n F\u00edsica ENSENADA.- Con motivo de crear conciencia en la poblaci\u00f3n ante la terrible enfermedad que es el c\u00e1ncer de <a class=\"mh-excerpt-more\" href=\"https:\/\/bcdeportes.com\/?p=24178\" title=\"Celebran el Mes Rosa Con Activaci\u00f3n F\u00edsica\">[&#8230;]<\/a><\/p>\n<\/div>","protected":false},"author":2,"featured_media":24179,"comment_status":"closed","ping_status":"closed","sticky":false,"template":"","format":"standard","meta":{"footnotes":""},"categories":[9,1],"tags":[],"class_list":["post-24178","post","type-post","status-publish","format-standard","has-post-thumbnail","hentry","category-inmudere","category-uncategorized"],"_links":{"self":[{"href":"https:\/\/bcdeportes.com\/index.php?rest_route=\/wp\/v2\/posts\/24178","targetHints":{"allow":["GET"]}}],"collection":[{"href":"https:\/\/bcdeportes.com\/index.php?rest_route=\/wp\/v2\/posts"}],"about":[{"href":"https:\/\/bcdeportes.com\/index.php?rest_route=\/wp\/v2\/types\/post"}],"author":[{"embeddable":true,"href":"https:\/\/bcdeportes.com\/index.php?rest_route=\/wp\/v2\/users\/2"}],"replies":[{"embeddable":true,"href":"https:\/\/bcdeportes.com\/index.php?rest_route=%2Fwp%2Fv2%2Fcomments&post=24178"}],"version-history":[{"count":1,"href":"https:\/\/bcdeportes.com\/index.php?rest_route=\/wp\/v2\/posts\/24178\/revisions"}],"predecessor-version":[{"id":24180,"href":"https:\/\/bcdeportes.com\/index.php?rest_route=\/wp\/v2\/posts\/24178\/revisions\/24180"}],"wp:featuredmedia":[{"embeddable":true,"href":"https:\/\/bcdeportes.com\/index.php?rest_route=\/wp\/v2\/media\/24179"}],"wp:attachment":[{"href":"https:\/\/bcdeportes.com\/index.php?rest_route=%2Fwp%2Fv2%2Fmedia&parent=24178"}],"wp:term":[{"taxonomy":"category","embeddable":true,"href":"https:\/\/bcdeportes.com\/index.php?rest_route=%2Fwp%2Fv2%2Fcategories&post=24178"},{"taxonomy":"post_tag","embeddable":true,"href":"https:\/\/bcdeportes.com\/index.php?rest_route=%2Fwp%2Fv2%2Ftags&post=24178"}],"curies":[{"name":"wp","href":"https:\/\/api.w.org\/{rel}","templated":true}]}}