{"id":24162,"date":"2021-10-23T22:18:51","date_gmt":"2021-10-23T22:18:51","guid":{"rendered":"http:\/\/bcdeportes.com\/?p=24162"},"modified":"2021-10-23T22:18:51","modified_gmt":"2021-10-23T22:18:51","slug":"muy-activo-el-colegio-estatal-de-profesionistas-en-cultura-fisica-y-deporte","status":"publish","type":"post","link":"https:\/\/bcdeportes.com\/?p=24162","title":{"rendered":"Muy Activo el Colegio Estatal de Profesionistas en Cultura F\u00edsica y Deporte"},"content":{"rendered":"\n<p>Muy\nActivo el Colegio Estatal de Profesionistas en Cultura F\u00edsica y Deporte<\/p>\n\n\n\n<p>ENSENADA.-\nEl colegio Estatal de Profesionistas en Cultura F\u00edsica y Deporte de Baja\nCalifornia en las \u00faltimas semanas ha estado muy activo apoyando eventos atl\u00e9ticos\ny promoviendo la capacitaci\u00f3n profesional en diversos temas entre la comunidad\nde manera gratuita. <\/p>\n\n\n\n<p>La\nasociaci\u00f3n civil sin fines de lucro en coordinaci\u00f3n con diversas organizaciones\ny profesionistas ha realizado cursos, seminarios y foros relacionados con el\nentrenamiento de la preparaci\u00f3n f\u00edsica , la comunicaci\u00f3n y el liderazgo, este\ncon el club toastmaster profesionistas y ejecutivos de Ensenada, temas\nrelacionados con la docencia en la educaci\u00f3n f\u00edsica invitando a supervisores de\nla especialidad dentro del sistema educativo, as\u00ed como foros relacionados a\nsituaciones preventivas de salud dentro del entrenamiento como lo es \u201cLa muerte\ns\u00fabita en el deporte\u201d <\/p>\n\n\n\n<p>El\nMaestro Iv\u00e1n Ramos Rodr\u00edguez, presidente de la reci\u00e9n formada organizaci\u00f3n,\nmenciono que es parte de las funciones y objetivos del colegio de\nprofesionistas la superaci\u00f3n profesional y la educaci\u00f3n continua. <\/p>\n","protected":false},"excerpt":{"rendered":"<div class=\"mh-excerpt\"><p>Muy Activo el Colegio Estatal de Profesionistas en Cultura F\u00edsica y Deporte ENSENADA.- El colegio Estatal de Profesionistas en Cultura F\u00edsica y Deporte de Baja <a class=\"mh-excerpt-more\" href=\"https:\/\/bcdeportes.com\/?p=24162\" title=\"Muy Activo el Colegio Estatal de Profesionistas en Cultura F\u00edsica y Deporte\">[&#8230;]<\/a><\/p>\n<\/div>","protected":false},"author":2,"featured_media":24163,"comment_status":"closed","ping_status":"closed","sticky":false,"template":"","format":"standard","meta":{"footnotes":""},"categories":[1],"tags":[],"class_list":["post-24162","post","type-post","status-publish","format-standard","has-post-thumbnail","hentry","category-uncategorized"],"_links":{"self":[{"href":"https:\/\/bcdeportes.com\/index.php?rest_route=\/wp\/v2\/posts\/24162","targetHints":{"allow":["GET"]}}],"collection":[{"href":"https:\/\/bcdeportes.com\/index.php?rest_route=\/wp\/v2\/posts"}],"about":[{"href":"https:\/\/bcdeportes.com\/index.php?rest_route=\/wp\/v2\/types\/post"}],"author":[{"embeddable":true,"href":"https:\/\/bcdeportes.com\/index.php?rest_route=\/wp\/v2\/users\/2"}],"replies":[{"embeddable":true,"href":"https:\/\/bcdeportes.com\/index.php?rest_route=%2Fwp%2Fv2%2Fcomments&post=24162"}],"version-history":[{"count":1,"href":"https:\/\/bcdeportes.com\/index.php?rest_route=\/wp\/v2\/posts\/24162\/revisions"}],"predecessor-version":[{"id":24164,"href":"https:\/\/bcdeportes.com\/index.php?rest_route=\/wp\/v2\/posts\/24162\/revisions\/24164"}],"wp:featuredmedia":[{"embeddable":true,"href":"https:\/\/bcdeportes.com\/index.php?rest_route=\/wp\/v2\/media\/24163"}],"wp:attachment":[{"href":"https:\/\/bcdeportes.com\/index.php?rest_route=%2Fwp%2Fv2%2Fmedia&parent=24162"}],"wp:term":[{"taxonomy":"category","embeddable":true,"href":"https:\/\/bcdeportes.com\/index.php?rest_route=%2Fwp%2Fv2%2Fcategories&post=24162"},{"taxonomy":"post_tag","embeddable":true,"href":"https:\/\/bcdeportes.com\/index.php?rest_route=%2Fwp%2Fv2%2Ftags&post=24162"}],"curies":[{"name":"wp","href":"https:\/\/api.w.org\/{rel}","templated":true}]}}