{"id":23998,"date":"2021-10-09T21:16:07","date_gmt":"2021-10-09T21:16:07","guid":{"rendered":"http:\/\/bcdeportes.com\/?p=23998"},"modified":"2021-10-09T21:16:08","modified_gmt":"2021-10-09T21:16:08","slug":"se-ve-obligado-a-mover-ubicacion-proyecto-muevete","status":"publish","type":"post","link":"https:\/\/bcdeportes.com\/?p=23998","title":{"rendered":"SE VE OBLIGADO A  MOVER UBICACI\u00d3N \u201cPROYECTO MU\u00c9VETE\u201d"},"content":{"rendered":"\n<p><strong>SE VE OBLIGADO A\u00a0 MOVER UBICACI\u00d3N \u201cPROYECTO MU\u00c9VETE\u201d<\/strong><\/p>\n\n\n\n<p><strong>NOTA: Jes\u00fas Armando Peralta Ch\u00e1vez \u2013 colaborador<\/strong><\/p>\n\n\n\n<p><strong>Foto: Cortes\u00eda<\/strong><\/p>\n\n\n\n<p>ENSENADA.- A cinco meses del festejo del proyecto Mu\u00e9vete, el cual tiene\npor objeto activar a la comunidad del Sauzal, y en el que sus integrantes han\nvisto resultados, su representante se ve obligada a solicitar el apoyo de los\nresidentes de la delegaci\u00f3n para encontrar un local donde pueda atender su\ncrecimiento y ejercitarse con respeto y de manera segura ante la presencia de\noto\u00f1o e invierno. &nbsp;Su creadora y\nfundadora, Judith Miranda Cota, en comunicado de prensa dio a conocer lo\nsiguiente:<\/p>\n\n\n\n<p><em>Soy Judith Miranda Cota\ncreadora del Proyecto Mu\u00e9vete, que naci\u00f3 con el &nbsp;objetivo de ayudar y motivar a las &nbsp;de la Delegaci\u00f3n del Sauzal a lograr una mejor\ncalidad de vida a trav\u00e9s del ejercicio f\u00edsico y una alimentaci\u00f3n saludable.\nEstudiante de la licenciatura en nutrici\u00f3n aplicada y actualmente en pr\u00e1cticas\nprofesionales, entrenadora fitness certificada a nivel nacional por\nCCAPIF.&nbsp; <\/em><\/p>\n\n\n\n<p><em>En abril del presente a\u00f1o,\nmujeres residentes del Sauzal me propusieron reactivar el proyecto Mu\u00e9vete,\npues una vez que la pandemia hab\u00eda dado espacio de actividades, el grupo de\nmujeres necesitaba realizar ejercicio f\u00edsico por salud. Por lo cual me dirigirme\na los representantes de Inmudere para que me proporcionar\u00e1n un lugar en la\nUnidad Deportiva del Sauzal para hacerlo todo legalmente y con los permisos\npertinentes, entregando una carta de petici\u00f3n el 20 de abril 2021, sin respuesta.\n<\/em><\/p>\n\n\n\n<p><em>&nbsp;El lunes 3 de mayo del presente a\u00f1o, decidimos\n&nbsp;realizar ejercicios aer\u00f3bicos en el \u00e1rea\nde boxeo porque nos dimos cuenta que de 7 a 8 pm el lugar estaba desocupado y\nno acud\u00eda nadie a utilizar ese lugar. A los d\u00edas supimos que los luchadores\nten\u00edan un convenio del lugar, pero tambi\u00e9n que no acud\u00edan consecutivamente a\nutilizarlo y decidimos&nbsp; utilizarlo cuando\nellos no lo usaban; tambi\u00e9n realizamos ejercicio en el \u00e1rea adjunta donde se\npracticaba voleibol, pero lo cerraron por remodelaci\u00f3n. Decidimos entonces,\nirnos al \u00e1rea de pesas (aire libre) a seguir realizando ejercicios. <\/em><\/p>\n\n\n\n<p><em>El 16 de junio del presente\na\u00f1o por petici\u00f3n de Inmudere present\u00e9 (llen\u00e9) el formato de registro municipal\nde deporte para realizar el convenio de uso de espacio con todos los requisitos\nsolicitados. As\u00ed mismo, entregu\u00e9 otra petici\u00f3n al Director General del\nInstituto del Deporte y la Cultura del Estado de Baja California a\u00f1adiendo a\neste el Protocolo de bioseguridad para la reapertura de actividades ante el\nCOVID 19. Pasadas las tres semanas, fue solicitada mi presencia en Inmudere\npara llegar acuerdos con el uso del gimnasio de usos m\u00faltiples del Sauzal y los\nluchadores que actualmente ten\u00edan convenio del uso de espacio hasta el 30 de\nseptiembre, &nbsp;pero que no acud\u00edan todos\nlos d\u00edas, y se me autorizo por palabra el uso del gimnasio siempre y cuando no\nasistieran los luchadores; con la promesa del convenio por 5 d\u00edas, 5 horas a la\nsemana, una vez terminado el convenio de los luchadores.&nbsp; <\/em><\/p>\n\n\n\n<p><em>Del mes de mayo de haber\niniciado el grupo de mujeres hasta el d\u00eda 6 de octubre, el grupo ha crecido de\n6 a 27 mujeres, y hay &nbsp;20 aspirantes &nbsp;m\u00e1s en espera de la apertura de un segundo\nhorario. A pesar de que hemos aguantado ofensas del grupo de los luchadores\nhacia nosotras, picadas de sancudos por estar al aire libre, falta de luz en el\n\u00e1rea de activaci\u00f3n al aire libre, no hemos dejado de asistir de lunes a viernes\na ejercitarnos. <\/em><\/p>\n\n\n\n<p><em>El 6 de octubre estuvieron en\nel \u00e1rea de boxeo los representantes de Inmudere, el representante de los\nluchadores el Sr. Francisco Velazco, y otros m\u00e1s personajes para ubicar\nhorarios dependiendo de su actividad f\u00edsica, para mi sorpresa, Inmudere no pudo\nproporcionarme un horario fijo de acuerdo a las necesidades de mi grupo, y solo\nme ofrecen 2 d\u00edas en el \u00e1rea de boxeo, y 1 d\u00eda en otra \u00e1rea adjunta, en vez de\nlos 5 que me hab\u00edan prometido.&nbsp; <\/em><\/p>\n\n\n\n<p><strong><em>Como Inmudere no ha podido\nhasta el momento satisfacer nuestros requerimientos para la pr\u00e1ctica sana de\nejercicio f\u00edsico y seguro, nos vemos en la necesidad de solicitar la ayuda de\nla comunidad, incluida la delegaci\u00f3n del Sauzal, para conseguir un lugar\nadecuado para desarrollar el programa de ejercicios de Mu\u00e9vete <\/em><\/strong><em>que requiere necesariamente 5\nd\u00edas a la semana por el crecimiento explosivo que estamos teniendo ante la\nnecesidades de ejercitarse por salud y que hasta el momento no hemos podido\ncorresponderles como nos gustar\u00eda.&nbsp; <\/em><\/p>\n\n\n\n<p><em>El objetivo del Grupo Mu\u00e9vete\nes que las mujeres de la comunidad del Sauzal se vean beneficiadas, si bien\nalgunas no pueden acudir los 5 d\u00edas, a la semana, se programan para utilizar\ndiferentes d\u00edas de acuerdo a sus necesidades y que tenemos que estar abiertos\nlos 5 d\u00edas para que ellas puedan asistir libremente a realizar ejercicio.&nbsp; <\/em><\/p>\n\n\n\n<p><em>El Proyecto Mu\u00e9vete tiene el\nobjetivo de ayudar y motivar a las mujeres de la comunidad del Sauzal a lograr\nuna mejor calidad de vida a trav\u00e9s del ejercicio f\u00edsico y una alimentaci\u00f3n\nsaludable. Como dijo alguien\u2026 \u201cEstamos aqu\u00ed para sanar, no para hacer da\u00f1o.\nEstamos aqu\u00ed para amar, no para odiar. Estamos aqu\u00ed para crear, no para\ndestruir.\u201d&nbsp;&nbsp;&nbsp;&nbsp; <\/em><\/p>\n\n\n\n<p><em>Mi agradecimiento al\nsubdirector Roberto Beltr\u00e1n Ramonetti, &nbsp;&nbsp;&nbsp;al coordinador Arturo Rodriguez y al se\u00f1or\nV\u00edctor Manuel Peralta quienes intervinieron en varias ocasiones para poder\ntener un espacio en la Unidad Deportiva del Sauzal \u201cErnesto Moreno\u201d. <\/em><\/p>\n","protected":false},"excerpt":{"rendered":"<div class=\"mh-excerpt\"><p>SE VE OBLIGADO A\u00a0 MOVER UBICACI\u00d3N \u201cPROYECTO MU\u00c9VETE\u201d NOTA: Jes\u00fas Armando Peralta Ch\u00e1vez \u2013 colaborador Foto: Cortes\u00eda ENSENADA.- A cinco meses del festejo del proyecto <a class=\"mh-excerpt-more\" href=\"https:\/\/bcdeportes.com\/?p=23998\" title=\"SE VE OBLIGADO A  MOVER UBICACI\u00d3N \u201cPROYECTO MU\u00c9VETE\u201d\">[&#8230;]<\/a><\/p>\n<\/div>","protected":false},"author":2,"featured_media":23999,"comment_status":"closed","ping_status":"closed","sticky":false,"template":"","format":"standard","meta":{"footnotes":""},"categories":[1],"tags":[],"class_list":["post-23998","post","type-post","status-publish","format-standard","has-post-thumbnail","hentry","category-uncategorized"],"_links":{"self":[{"href":"https:\/\/bcdeportes.com\/index.php?rest_route=\/wp\/v2\/posts\/23998","targetHints":{"allow":["GET"]}}],"collection":[{"href":"https:\/\/bcdeportes.com\/index.php?rest_route=\/wp\/v2\/posts"}],"about":[{"href":"https:\/\/bcdeportes.com\/index.php?rest_route=\/wp\/v2\/types\/post"}],"author":[{"embeddable":true,"href":"https:\/\/bcdeportes.com\/index.php?rest_route=\/wp\/v2\/users\/2"}],"replies":[{"embeddable":true,"href":"https:\/\/bcdeportes.com\/index.php?rest_route=%2Fwp%2Fv2%2Fcomments&post=23998"}],"version-history":[{"count":1,"href":"https:\/\/bcdeportes.com\/index.php?rest_route=\/wp\/v2\/posts\/23998\/revisions"}],"predecessor-version":[{"id":24000,"href":"https:\/\/bcdeportes.com\/index.php?rest_route=\/wp\/v2\/posts\/23998\/revisions\/24000"}],"wp:featuredmedia":[{"embeddable":true,"href":"https:\/\/bcdeportes.com\/index.php?rest_route=\/wp\/v2\/media\/23999"}],"wp:attachment":[{"href":"https:\/\/bcdeportes.com\/index.php?rest_route=%2Fwp%2Fv2%2Fmedia&parent=23998"}],"wp:term":[{"taxonomy":"category","embeddable":true,"href":"https:\/\/bcdeportes.com\/index.php?rest_route=%2Fwp%2Fv2%2Fcategories&post=23998"},{"taxonomy":"post_tag","embeddable":true,"href":"https:\/\/bcdeportes.com\/index.php?rest_route=%2Fwp%2Fv2%2Ftags&post=23998"}],"curies":[{"name":"wp","href":"https:\/\/api.w.org\/{rel}","templated":true}]}}