{"id":2201,"date":"2015-09-25T23:16:03","date_gmt":"2015-09-25T23:16:03","guid":{"rendered":"http:\/\/bcdeportes.com\/?p=2201"},"modified":"2015-09-25T23:16:03","modified_gmt":"2015-09-25T23:16:03","slug":"definitivo-el-retiro-de-jose-guardado-este-2-de-octubre","status":"publish","type":"post","link":"https:\/\/bcdeportes.com\/?p=2201","title":{"rendered":"Definitivo El Retiro de Jos\u00e9 Guardado Este 2 de Octubre"},"content":{"rendered":"<p>En la Funci\u00f3n Denominada \u201cLa Leyenda\u201d<\/p>\n<p>Definitivo El Retiro de Jos\u00e9 Guardado<\/p>\n<p>Expone el Cintur\u00f3n Mundial de la ITBO <\/p>\n<p>ENSENADA.- Ahora si es definitivo el retiro este 2 de octubre, del campe\u00f3n mundial de los Ligeros de la ITBO, Jos\u00e9 Guardado y lo har\u00e1 ante su gente en el gimnasio municipal Oscar \u201cTigre\u201d Garc\u00eda exponiendo su cintur\u00f3n mundial ante el norteamericano Cris Minor, cintur\u00f3n que quiere que se quede aqu\u00ed en Ensenada.<br \/>\nEl campe\u00f3n mundial de peso Ligero de la International Thai Boxing Organization, confirmo que despu\u00e9s del pleito estelar de la funci\u00f3n denominada \u201cLa Leyenda\u201d, del viernes 2 de octubre, se retirar\u00e1 definitiva de los cuadril\u00e1teros como combatiente.<br \/>\nJos\u00e9 Guardado asegur\u00f3 \u201cAhora s\u00ed es la mi \u00faltima pelea, ya que est\u00e1 mi familia, mi esposa, mis tres hijos y tambi\u00e9n mi pap\u00e1 de 92 a\u00f1os, que vino desde Denver, adem\u00e1s quiero dedicarme a todos los boxeadores que tengo en el gimnasio, a quienes voy a dedicarles mi tiempo.<br \/>\nAhorita estoy 10 libras arriba, pero de aqu\u00ed al jueves d\u00eda del pesaje estar\u00e9 al cien, y muy pendiente de la bascula cuando suba Minor, ya que confi\u00f3 en que de el peso, por que esta vez no tengo considerado darle otra oportunidad, como sucedi\u00f3 en el 2005 cuando se peso algunos kilitos y esto hizo que batallara mas para sacar la victoria.<br \/>\nEl promotor de Showbox Promotions, Sergio Ayala anuncio que el cartel completo para la funci\u00f3n La Leyenda del 2 de octubre en el Tigre Garc\u00eda ser\u00e1 el siguiente:<br \/>\nGimnasio Municipal \u00d3scar \u00abTigre\u201d Garc\u00eda<br \/>\nPelea Estelar 7 Rounds<br \/>\nCampeonato Mundial Ligero de Kick Boxing de la ITBO<br \/>\nJos\u00e9 Guardado (Campe\u00f3n) vs Chris Minor (Retador)<br \/>\nPelea Coestelar<br \/>\nMarcos \u201cSonrics\u201d Beristain vs \u00d3scar \u00abSorpresa\u201d Quintero\tVale todo<br \/>\nResto del Cartel<br \/>\nV\u00edctor Cobi\u00e1n vs Jos\u00e9 \u201cEl Oso\u201d Salazar\tKick Boxing<br \/>\n\u00d3scar Diez vs Jonathan Gonz\u00e1lez\tVale Todo<br \/>\nEmmanuel L\u00f3pez vs Fabi\u00e1n \u201cPitbull\u201d\tKick Boxing<br \/>\nKevin Amador vs El Rambo\tVale Todo<br \/>\n\u00c9dgar Ramos vs Joshua Rittenberry\tKick Boxing<br \/>\nIsaac \u201cBad Boy\u201d Peralta vs Ismael \u00abEl Pollo\u201d V\u00e1zquez\tVale Todo<\/p>\n","protected":false},"excerpt":{"rendered":"<div class=\"mh-excerpt\"><p>En la Funci\u00f3n Denominada \u201cLa Leyenda\u201d Definitivo El Retiro de Jos\u00e9 Guardado Expone el Cintur\u00f3n Mundial de la ITBO ENSENADA.- Ahora si es definitivo el <a class=\"mh-excerpt-more\" href=\"https:\/\/bcdeportes.com\/?p=2201\" title=\"Definitivo El Retiro de Jos\u00e9 Guardado Este 2 de Octubre\">[&#8230;]<\/a><\/p>\n<\/div>","protected":false},"author":2,"featured_media":2202,"comment_status":"closed","ping_status":"closed","sticky":false,"template":"","format":"standard","meta":{"footnotes":""},"categories":[5,1],"tags":[],"class_list":["post-2201","post","type-post","status-publish","format-standard","has-post-thumbnail","hentry","category-box","category-uncategorized"],"_links":{"self":[{"href":"https:\/\/bcdeportes.com\/index.php?rest_route=\/wp\/v2\/posts\/2201","targetHints":{"allow":["GET"]}}],"collection":[{"href":"https:\/\/bcdeportes.com\/index.php?rest_route=\/wp\/v2\/posts"}],"about":[{"href":"https:\/\/bcdeportes.com\/index.php?rest_route=\/wp\/v2\/types\/post"}],"author":[{"embeddable":true,"href":"https:\/\/bcdeportes.com\/index.php?rest_route=\/wp\/v2\/users\/2"}],"replies":[{"embeddable":true,"href":"https:\/\/bcdeportes.com\/index.php?rest_route=%2Fwp%2Fv2%2Fcomments&post=2201"}],"version-history":[{"count":1,"href":"https:\/\/bcdeportes.com\/index.php?rest_route=\/wp\/v2\/posts\/2201\/revisions"}],"predecessor-version":[{"id":2203,"href":"https:\/\/bcdeportes.com\/index.php?rest_route=\/wp\/v2\/posts\/2201\/revisions\/2203"}],"wp:featuredmedia":[{"embeddable":true,"href":"https:\/\/bcdeportes.com\/index.php?rest_route=\/wp\/v2\/media\/2202"}],"wp:attachment":[{"href":"https:\/\/bcdeportes.com\/index.php?rest_route=%2Fwp%2Fv2%2Fmedia&parent=2201"}],"wp:term":[{"taxonomy":"category","embeddable":true,"href":"https:\/\/bcdeportes.com\/index.php?rest_route=%2Fwp%2Fv2%2Fcategories&post=2201"},{"taxonomy":"post_tag","embeddable":true,"href":"https:\/\/bcdeportes.com\/index.php?rest_route=%2Fwp%2Fv2%2Ftags&post=2201"}],"curies":[{"name":"wp","href":"https:\/\/api.w.org\/{rel}","templated":true}]}}