{"id":1978,"date":"2015-09-05T01:18:14","date_gmt":"2015-09-05T01:18:14","guid":{"rendered":"http:\/\/bcdeportes.com\/?p=1978"},"modified":"2015-09-05T01:18:14","modified_gmt":"2015-09-05T01:18:14","slug":"jose-a-gusano-burgos-debutara-con-baja-boxing","status":"publish","type":"post","link":"https:\/\/bcdeportes.com\/?p=1978","title":{"rendered":"Jos\u00e9 A. \u201cGusano\u201d Burgos Debutara con Baja Boxing"},"content":{"rendered":"<p>Lo Firma el Promotor Ca\u00f1as Lozada<\/p>\n<p>Jos\u00e9 A. \u201cGusano\u201d Burgos Debutara con Baja Boxing<\/p>\n<p>El P\u00fagil de Hugo D\u00edaz, Esta Listo<\/p>\n<p>ENSENADA.- El p\u00fagil ensenadense multimedallistas de olimpiada nacional y campe\u00f3n del torneo Internacional Golden Gloves tendr\u00e1 su debut en el boxeo profesional bajo el cobijo de Baja Boxing de Ca\u00f1as Lozada, tras llegar a un arreglo con el promotor tijuanense.<br \/>\nEl Gusano Burgos, tras su largo andar en el boxeo de alto rendimiento desde el 2011 con su ingreso al Centro Nacional de Alto Rendimiento y luego en el Comit\u00e9 Ol\u00edmpico, dijo que tras no recibir la oportunidad de estas autoridades deportivas, para el proceso de juego ol\u00edmpicos, y al no valorar su esfuerzo y dedicaci\u00f3n es que junto con sus entrenador Hugo D\u00edaz decidieron no aplazar mas su debut en el profesionalismo.<br \/>\nTras buscar a varias empresas boxisiticas se decidieron por Baja Boxing, ya que el promotor Ca\u00f1as Lozado es de los mas serios y que cuidad mucho a los boxeadores, por el momento ah\u00ed trato de palabra y ya con el transcurrir y los hechos que se vayan dando los resultados se llegara a firmar el contrato.<br \/>\nEl debut de Jos\u00e9 Alejandro Burgos Ferrer se har\u00e1 en peso mosca, ya que es donde se siente mejor, se\u00f1alo su entrenador Hugo D\u00edaz, ya esta listo para debutar y en el camino le iremos puliendo algunos detalles.<\/p>\n","protected":false},"excerpt":{"rendered":"<div class=\"mh-excerpt\"><p>Lo Firma el Promotor Ca\u00f1as Lozada Jos\u00e9 A. \u201cGusano\u201d Burgos Debutara con Baja Boxing El P\u00fagil de Hugo D\u00edaz, Esta Listo ENSENADA.- El p\u00fagil ensenadense <a class=\"mh-excerpt-more\" href=\"https:\/\/bcdeportes.com\/?p=1978\" title=\"Jos\u00e9 A. \u201cGusano\u201d Burgos Debutara con Baja Boxing\">[&#8230;]<\/a><\/p>\n<\/div>","protected":false},"author":2,"featured_media":0,"comment_status":"closed","ping_status":"closed","sticky":false,"template":"","format":"standard","meta":{"footnotes":""},"categories":[5],"tags":[],"class_list":["post-1978","post","type-post","status-publish","format-standard","hentry","category-box"],"_links":{"self":[{"href":"https:\/\/bcdeportes.com\/index.php?rest_route=\/wp\/v2\/posts\/1978","targetHints":{"allow":["GET"]}}],"collection":[{"href":"https:\/\/bcdeportes.com\/index.php?rest_route=\/wp\/v2\/posts"}],"about":[{"href":"https:\/\/bcdeportes.com\/index.php?rest_route=\/wp\/v2\/types\/post"}],"author":[{"embeddable":true,"href":"https:\/\/bcdeportes.com\/index.php?rest_route=\/wp\/v2\/users\/2"}],"replies":[{"embeddable":true,"href":"https:\/\/bcdeportes.com\/index.php?rest_route=%2Fwp%2Fv2%2Fcomments&post=1978"}],"version-history":[{"count":1,"href":"https:\/\/bcdeportes.com\/index.php?rest_route=\/wp\/v2\/posts\/1978\/revisions"}],"predecessor-version":[{"id":1979,"href":"https:\/\/bcdeportes.com\/index.php?rest_route=\/wp\/v2\/posts\/1978\/revisions\/1979"}],"wp:attachment":[{"href":"https:\/\/bcdeportes.com\/index.php?rest_route=%2Fwp%2Fv2%2Fmedia&parent=1978"}],"wp:term":[{"taxonomy":"category","embeddable":true,"href":"https:\/\/bcdeportes.com\/index.php?rest_route=%2Fwp%2Fv2%2Fcategories&post=1978"},{"taxonomy":"post_tag","embeddable":true,"href":"https:\/\/bcdeportes.com\/index.php?rest_route=%2Fwp%2Fv2%2Ftags&post=1978"}],"curies":[{"name":"wp","href":"https:\/\/api.w.org\/{rel}","templated":true}]}}