{"id":18299,"date":"2019-12-08T01:45:40","date_gmt":"2019-12-08T01:45:40","guid":{"rendered":"http:\/\/bcdeportes.com\/?p=18299"},"modified":"2019-12-08T01:45:40","modified_gmt":"2019-12-08T01:45:40","slug":"la-olimpica-alexa-moreno-invitada-de-lujo","status":"publish","type":"post","link":"https:\/\/bcdeportes.com\/?p=18299","title":{"rendered":"La Ol\u00edmpica Alexa Moreno Invitada de Lujo"},"content":{"rendered":"\n<p>Presencio\nla Gala Gimnastica de fin de a\u00f1o<\/p>\n\n\n\n<p>La\nol\u00edmpica Alexa Moreno invitada de lujo<\/p>\n\n\n\n<p>Recibi\u00f3\nun reconocimiento del Baja Dynamo<\/p>\n\n\n\n<p>ENSENADA.-\nLa ol\u00edmpica y premio nacional del deporte 2019, Alexa Moreno fue la invitada de\nlujo a una de las funciones de la Gala de Fin de A\u00f1o de la escuela de gimnasia\nBaja Dynamo, quienes a trav\u00e9s su director Pavel Alvarado le hicieron entrega de\nuna bonita placa de reconocimiento.<\/p>\n\n\n\n<p>La\ngimnasta mexicalense se mostro contenta y disfruto de la funci\u00f3n, en la que\nparticipo su compa\u00f1era de selecci\u00f3n mexicana de gimnasia, Natalia Escalera\nm\u00e1xima exponente del Baja Dynamo.<\/p>\n\n\n\n<p>Pavel\nAlvarado, director de la escuela Baja Dynamo hizo entrega de bonita placa\nreconociendo la gran trayectoria de la mundialista y que ser\u00e1 representante de\nM\u00e9xico en los juegos ol\u00edmpicos de Tokio 2020 la gimnasta Alexa Moreno.<\/p>\n\n\n\n<p>Alexa\na pesar de toda la carga de trabajo que trae, se dio el tiempo para amablemente\ntomarse fotos con muchos de los asistentes a la Gala, as\u00ed como con los\ninvitados especiales.<\/p>\n\n\n\n<p>Alexa\nestuvo acompa\u00f1ada de&nbsp; Nicolle Castro y\nMarisa Miranda quienes tambi\u00e9n forma parte de la selecci\u00f3n de gimnasia de\nM\u00e9xico y quienes se encuentran en la ciudad de Tijuana en concentraci\u00f3n, adem\u00e1s\nde la juez internacional de gimnasia Andrea G\u00f3mez, as\u00ed como tambi\u00e9n fueron\ninvitados el regidor Ra\u00fal Vera, presidente de la H. Comisi\u00f3n de Deporte del\nAyuntamiento de Ensenada y la regidora Brenda Valenzuela.<\/p>\n\n\n\n<p>El\ndirector de Baja Dynamo comento que en total fueron cuatro las funciones\npresentadas donde participaron 130 gimnastas de esta escuela.<\/p>\n","protected":false},"excerpt":{"rendered":"<div class=\"mh-excerpt\"><p>Presencio la Gala Gimnastica de fin de a\u00f1o La ol\u00edmpica Alexa Moreno invitada de lujo Recibi\u00f3 un reconocimiento del Baja Dynamo ENSENADA.- La ol\u00edmpica y <a class=\"mh-excerpt-more\" href=\"https:\/\/bcdeportes.com\/?p=18299\" title=\"La Ol\u00edmpica Alexa Moreno Invitada de Lujo\">[&#8230;]<\/a><\/p>\n<\/div>","protected":false},"author":2,"featured_media":18300,"comment_status":"closed","ping_status":"closed","sticky":false,"template":"","format":"standard","meta":{"footnotes":""},"categories":[1],"tags":[],"class_list":["post-18299","post","type-post","status-publish","format-standard","has-post-thumbnail","hentry","category-uncategorized"],"_links":{"self":[{"href":"https:\/\/bcdeportes.com\/index.php?rest_route=\/wp\/v2\/posts\/18299","targetHints":{"allow":["GET"]}}],"collection":[{"href":"https:\/\/bcdeportes.com\/index.php?rest_route=\/wp\/v2\/posts"}],"about":[{"href":"https:\/\/bcdeportes.com\/index.php?rest_route=\/wp\/v2\/types\/post"}],"author":[{"embeddable":true,"href":"https:\/\/bcdeportes.com\/index.php?rest_route=\/wp\/v2\/users\/2"}],"replies":[{"embeddable":true,"href":"https:\/\/bcdeportes.com\/index.php?rest_route=%2Fwp%2Fv2%2Fcomments&post=18299"}],"version-history":[{"count":1,"href":"https:\/\/bcdeportes.com\/index.php?rest_route=\/wp\/v2\/posts\/18299\/revisions"}],"predecessor-version":[{"id":18301,"href":"https:\/\/bcdeportes.com\/index.php?rest_route=\/wp\/v2\/posts\/18299\/revisions\/18301"}],"wp:featuredmedia":[{"embeddable":true,"href":"https:\/\/bcdeportes.com\/index.php?rest_route=\/wp\/v2\/media\/18300"}],"wp:attachment":[{"href":"https:\/\/bcdeportes.com\/index.php?rest_route=%2Fwp%2Fv2%2Fmedia&parent=18299"}],"wp:term":[{"taxonomy":"category","embeddable":true,"href":"https:\/\/bcdeportes.com\/index.php?rest_route=%2Fwp%2Fv2%2Fcategories&post=18299"},{"taxonomy":"post_tag","embeddable":true,"href":"https:\/\/bcdeportes.com\/index.php?rest_route=%2Fwp%2Fv2%2Ftags&post=18299"}],"curies":[{"name":"wp","href":"https:\/\/api.w.org\/{rel}","templated":true}]}}