{"id":18157,"date":"2019-11-25T01:07:58","date_gmt":"2019-11-25T01:07:58","guid":{"rendered":"http:\/\/bcdeportes.com\/?p=18157"},"modified":"2019-11-25T01:07:59","modified_gmt":"2019-11-25T01:07:59","slug":"%ef%bb%bfexitosa-carrera-infantil-de-apanac","status":"publish","type":"post","link":"https:\/\/bcdeportes.com\/?p=18157","title":{"rendered":"\ufeffEXITOSA CARRERA INFANTIL DE APANAC"},"content":{"rendered":"\n<p><strong>EXITOSA\nCARRERA INFANTIL DE APANAC<\/strong><\/p>\n\n\n\n<p><strong>NOTA Y\nFOTO POR:&nbsp;&nbsp; Jes\u00fas Muchacho Peralta<\/strong><\/p>\n\n\n\n<p>ENSENADA.- Con un promedio de 120 ni\u00f1os, se desarroll\u00f3 con gran\n\u00e9xito la 4ta edici\u00f3n de la tradicional Carrara Infantil APANAC en su 4ta\nedici\u00f3n. La cita fue este domingo 24 de noviembre en las instalaciones de la\nUnidad Deportiva Sullivan. Jos\u00e9 Adri\u00e1n Garc\u00eda, Presidente de la Asociaci\u00f3n de\nProtecci\u00f3n a la Ni\u00f1ez de Ensenada A.C., agradeci\u00f3 a los presentes su asistencia\nal evento.&nbsp; Se realizaron paseos desde carriolas\nhasta edades de 6 a\u00f1os.&nbsp; Adem\u00e1s de las\ncompetencias de las edades entre los 7 y 14 a\u00f1os y contamos con participantes\ndel Club Jaguares de Rosarito.<\/p>\n\n\n\n<p>A los ganadores de cada categor\u00eda se entreg\u00f3 medalla, adem\u00e1s de\ndulces y diploma para todos los participantes, se realizaron rifas de balones\nde futbol, voleibol y b\u00e1squet, adem\u00e1s de rifar 2 bicicletas., Adri\u00e1n Garc\u00eda\naseguro que los integrantes de APANAC se encuentran satisfechos por ofrecer un\nmejor futuro, apoyando a la ni\u00f1ez ahora,<\/p>\n\n\n\n<p>Por \u00faltimo, se entregaron apoyos deportivos a la escuela <\/p>\n\n\n\n<p>Los ganadores en sus respectivas categor\u00edas fueron:<\/p>\n\n\n\n<p>Carriolas<\/p>\n\n\n\n<ol class=\"wp-block-list\"><li>Elizabeth S\u00e1nchez y Enrique Rodr\u00edguez<\/li><li>Raquel Rojas <\/li><\/ol>\n\n\n\n<p>1-2 a\u00f1os<\/p>\n\n\n\n<ol class=\"wp-block-list\"><li>Romina Crisanto y Carson Halberston<\/li><li>Ximena S\u00e1nchez y Adri\u00e1n Rodr\u00edguez<\/li><li>Xiomara Lara y Yurem V\u00e1zquez<\/li><\/ol>\n\n\n\n<p>3-4 a\u00f1os<\/p>\n\n\n\n<ol class=\"wp-block-list\"><li>Valentina Rojas y Kenny Arias<\/li><li>Cristina Rojas<\/li><li>Luciana Ochoa<\/li><\/ol>\n\n\n\n<p>5-6 A\u00f1os<\/p>\n\n\n\n<ol class=\"wp-block-list\"><li>Natalia Laguna y Alexander Terrazas<\/li><li>Gilda Carolina y Rafael Rojas<\/li><li>Kelly Naomi Lara y Eddy Xaret<\/li><\/ol>\n\n\n\n<p>7-8 a\u00f1os<\/p>\n\n\n\n<ol class=\"wp-block-list\"><li>Naeromy Arias y Mat\u00edas Navarro<\/li><li>Sherlym Medina y Santiago Estrada\nOrtiz<\/li><li>Regina N\u00fa\u00f1ez Aguilar e Iv\u00e1n Gabriel<\/li><\/ol>\n\n\n\n<p>9-10 a\u00f1os<\/p>\n\n\n\n<ol class=\"wp-block-list\"><li>Daniela Rivas y Rene Armando Bizarra Jim\u00e9nez<\/li><li>\u00c1ngela Ram\u00edrez y Juan Carlos\nAguirre<\/li><li>Melanni Cobos y Esteban Escalante<\/li><\/ol>\n\n\n\n<p>11-12 a\u00f1os<\/p>\n\n\n\n<ol class=\"wp-block-list\"><li>Fernanda del Rio y Alejandro Farf\u00e1n<\/li><li>Nicol Moncada y \u00c1ngel Alejandro\nGallardo<\/li><li>Danai Cardenas y Ulises Villanueva Reyes<\/li><\/ol>\n\n\n\n<p>13-14 a\u00f1os<\/p>\n\n\n\n<ol class=\"wp-block-list\"><li>Beatriz Herrera y Max Nunez <\/li><li>Jenifer Cardenas y Jorge Carlos Rodr\u00edguez<\/li><li>Alisha M\u00e9ndez y Mario Arturo Ochoa<\/li><\/ol>\n","protected":false},"excerpt":{"rendered":"<div class=\"mh-excerpt\"><p>EXITOSA CARRERA INFANTIL DE APANAC NOTA Y FOTO POR:&nbsp;&nbsp; Jes\u00fas Muchacho Peralta ENSENADA.- Con un promedio de 120 ni\u00f1os, se desarroll\u00f3 con gran \u00e9xito la <a class=\"mh-excerpt-more\" href=\"https:\/\/bcdeportes.com\/?p=18157\" title=\"\ufeffEXITOSA CARRERA INFANTIL DE APANAC\">[&#8230;]<\/a><\/p>\n<\/div>","protected":false},"author":2,"featured_media":18158,"comment_status":"closed","ping_status":"closed","sticky":false,"template":"","format":"standard","meta":{"footnotes":""},"categories":[1],"tags":[],"class_list":["post-18157","post","type-post","status-publish","format-standard","has-post-thumbnail","hentry","category-uncategorized"],"_links":{"self":[{"href":"https:\/\/bcdeportes.com\/index.php?rest_route=\/wp\/v2\/posts\/18157","targetHints":{"allow":["GET"]}}],"collection":[{"href":"https:\/\/bcdeportes.com\/index.php?rest_route=\/wp\/v2\/posts"}],"about":[{"href":"https:\/\/bcdeportes.com\/index.php?rest_route=\/wp\/v2\/types\/post"}],"author":[{"embeddable":true,"href":"https:\/\/bcdeportes.com\/index.php?rest_route=\/wp\/v2\/users\/2"}],"replies":[{"embeddable":true,"href":"https:\/\/bcdeportes.com\/index.php?rest_route=%2Fwp%2Fv2%2Fcomments&post=18157"}],"version-history":[{"count":1,"href":"https:\/\/bcdeportes.com\/index.php?rest_route=\/wp\/v2\/posts\/18157\/revisions"}],"predecessor-version":[{"id":18159,"href":"https:\/\/bcdeportes.com\/index.php?rest_route=\/wp\/v2\/posts\/18157\/revisions\/18159"}],"wp:featuredmedia":[{"embeddable":true,"href":"https:\/\/bcdeportes.com\/index.php?rest_route=\/wp\/v2\/media\/18158"}],"wp:attachment":[{"href":"https:\/\/bcdeportes.com\/index.php?rest_route=%2Fwp%2Fv2%2Fmedia&parent=18157"}],"wp:term":[{"taxonomy":"category","embeddable":true,"href":"https:\/\/bcdeportes.com\/index.php?rest_route=%2Fwp%2Fv2%2Fcategories&post=18157"},{"taxonomy":"post_tag","embeddable":true,"href":"https:\/\/bcdeportes.com\/index.php?rest_route=%2Fwp%2Fv2%2Ftags&post=18157"}],"curies":[{"name":"wp","href":"https:\/\/api.w.org\/{rel}","templated":true}]}}