{"id":18012,"date":"2019-11-13T23:00:26","date_gmt":"2019-11-13T23:00:26","guid":{"rendered":"http:\/\/bcdeportes.com\/?p=18012"},"modified":"2019-11-13T23:00:27","modified_gmt":"2019-11-13T23:00:27","slug":"lista-copa-baja-california-de-clavados-2019","status":"publish","type":"post","link":"https:\/\/bcdeportes.com\/?p=18012","title":{"rendered":"LISTA, COPA BAJA CALIFORNIA DE CLAVADOS 2019"},"content":{"rendered":"\n<p>\n<strong>LISTA, COPA BAJA CALIFORNIA DE CLAVADOS 2019<\/strong><\/p>\n\n\n\n<p>Con la participaci\u00f3n de seis Estados<\/p>\n\n\n\n<p><br><\/p>\n\n\n\n<p> TIJUANA,  BC.- Los d\u00edas 15, 16 y 17 de noviembre se  llevar\u00e1 a cabo la Copa Baja California de saltos ornamentales en el  complejo acu\u00e1tico del Centro de Alto  Rendimiento (CAR) Tijuana.<\/p>\n\n\n\n<p>\nSe\n trata de la segunda edici\u00f3n y que en este a\u00f1o tendr\u00e1 la participaci\u00f3n \nde entre 40 a 45 clavadistas de diferentes Estados de la rep\u00fablica \nmexicana, con los cuatro grandes de esta\n disciplina en el pa\u00eds.<\/p>\n\n\n\n<p>\nDestacan\n atletas de Nuevo Le\u00f3n, Jalisco, Ciudad de M\u00e9xico, Estado de M\u00e9xico, \nBaja California Sur, y por supuesto los anfitriones por lo que se \nconsidera como un peque\u00f1o campeonato\n nacional.<\/p>\n\n\n\n<p>\nAndr\u00e9s\n Romo D\u00e1vila, coordinador de clavados del Instituto del Deporte y la \nCultura F\u00edsica de Baja California (Inde), manifest\u00f3 que \u201clos primeros \natletas en llegar a nuestra ciudad\n son nuestros vecinos del sur de la pen\u00ednsula, a los que esperamos este \njueves, aloj\u00e1ndose en la villa atl\u00e9tica.<\/p>\n\n\n\n<p>\nConsider\u00f3,\n que es un evento de suma importancia, \u201cporque nos permite ver c\u00f3mo \nest\u00e1n posicionados nuestros muchachos en relaci\u00f3n a los dem\u00e1s estados, \nentendiendo que estamos un poco\n m\u00e1s retirados que el resto de la rep\u00fablica\u201d.<\/p>\n\n\n\n<p>\nA\u00f1o\n con a\u00f1o, afirm\u00f3 \u201ceste debe ser la competencia que genere mayor n\u00famero \nde atletas, con el plus de que Baja California ser\u00e1 sede del Campeonato \nNacional Infantil, en febrero o marzo\n de 2020\u201d.<\/p>\n\n\n\n<p>\nDos\n semanas despu\u00e9s de la Copa Baja California de Clavados se llevar\u00e1 a \ncabo la Copa CAMO de Canad\u00e1, considerado entre los torneos de alto \nnivel, de seleccionados nacionales infantiles\n y juveniles y donde anteriormente hemos tenido participaci\u00f3n.<\/p>\n\n\n\n<p>\nPara\n la Copa Baja California est\u00e1n consideradas las categor\u00edas de desarrollo\n 7 y menores, 8-9, promocional, y luego vienen las oficiales grupo \u201cD\u201d, \n\u201cC\u201d, \u201cB\u201d, \u201cA\u201d, 10-11, 12-13, 14-15\n y 16-18 a\u00f1os, tirando la serie de competencia oficial marcadas por la \nFederaci\u00f3n, 1, 3 metros, as\u00ed como plataforma 10 mts.<\/p>\n\n\n\n<p>\nEn\n cuanto a los clavadistas que nos van a representar, el entrenador \nindic\u00f3 que tienen un grupo de muchachos que est\u00e1n bien trabajados, la \ngran mayor\u00eda surgidos de los procesos de\n captaci\u00f3n y de selecci\u00f3n, y los peque\u00f1itos son la reserva deportiva \npara los siguientes a\u00f1os, trabajan con el nuevo monitor M\u00e1ximo \nContreras.<\/p>\n","protected":false},"excerpt":{"rendered":"<div class=\"mh-excerpt\"><p>LISTA, COPA BAJA CALIFORNIA DE CLAVADOS 2019 Con la participaci\u00f3n de seis Estados TIJUANA, BC.- Los d\u00edas 15, 16 y 17 de noviembre se llevar\u00e1 <a class=\"mh-excerpt-more\" href=\"https:\/\/bcdeportes.com\/?p=18012\" title=\"LISTA, COPA BAJA CALIFORNIA DE CLAVADOS 2019\">[&#8230;]<\/a><\/p>\n<\/div>","protected":false},"author":2,"featured_media":18013,"comment_status":"closed","ping_status":"closed","sticky":false,"template":"","format":"standard","meta":{"footnotes":""},"categories":[8],"tags":[],"class_list":["post-18012","post","type-post","status-publish","format-standard","has-post-thumbnail","hentry","category-inde"],"_links":{"self":[{"href":"https:\/\/bcdeportes.com\/index.php?rest_route=\/wp\/v2\/posts\/18012","targetHints":{"allow":["GET"]}}],"collection":[{"href":"https:\/\/bcdeportes.com\/index.php?rest_route=\/wp\/v2\/posts"}],"about":[{"href":"https:\/\/bcdeportes.com\/index.php?rest_route=\/wp\/v2\/types\/post"}],"author":[{"embeddable":true,"href":"https:\/\/bcdeportes.com\/index.php?rest_route=\/wp\/v2\/users\/2"}],"replies":[{"embeddable":true,"href":"https:\/\/bcdeportes.com\/index.php?rest_route=%2Fwp%2Fv2%2Fcomments&post=18012"}],"version-history":[{"count":1,"href":"https:\/\/bcdeportes.com\/index.php?rest_route=\/wp\/v2\/posts\/18012\/revisions"}],"predecessor-version":[{"id":18014,"href":"https:\/\/bcdeportes.com\/index.php?rest_route=\/wp\/v2\/posts\/18012\/revisions\/18014"}],"wp:featuredmedia":[{"embeddable":true,"href":"https:\/\/bcdeportes.com\/index.php?rest_route=\/wp\/v2\/media\/18013"}],"wp:attachment":[{"href":"https:\/\/bcdeportes.com\/index.php?rest_route=%2Fwp%2Fv2%2Fmedia&parent=18012"}],"wp:term":[{"taxonomy":"category","embeddable":true,"href":"https:\/\/bcdeportes.com\/index.php?rest_route=%2Fwp%2Fv2%2Fcategories&post=18012"},{"taxonomy":"post_tag","embeddable":true,"href":"https:\/\/bcdeportes.com\/index.php?rest_route=%2Fwp%2Fv2%2Ftags&post=18012"}],"curies":[{"name":"wp","href":"https:\/\/api.w.org\/{rel}","templated":true}]}}