{"id":17923,"date":"2019-11-07T01:04:45","date_gmt":"2019-11-07T01:04:45","guid":{"rendered":"http:\/\/bcdeportes.com\/?p=17923"},"modified":"2019-11-07T01:04:46","modified_gmt":"2019-11-07T01:04:46","slug":"ensenada-campeon-del-rodeo-copa-baja-2019","status":"publish","type":"post","link":"https:\/\/bcdeportes.com\/?p=17923","title":{"rendered":"Ensenada Campe\u00f3n del Rodeo Copa Baja 2019"},"content":{"rendered":"\n<p>Con\nHirata, Garc\u00eda, Valladolid y Carrillo<\/p>\n\n\n\n<p>Ensenada\nse queda con la Copa Baja 2019<\/p>\n\n\n\n<p>ENSENADA.-\nJuro Hirata, Edgar Garc\u00eda, Aylwind Valladolid y Miguel Carrillo integraron el\nequipo de jinetes de Ensenada que se quedaron con el trofeo de campe\u00f3n del\nrodeo de la Copa Baja 2019, que organizo en el lienzo charro El Norte\u00f1o la\nempresa Rodeo Co. Rancho La Victoria de La Familia Sainz.<\/p>\n\n\n\n<p>El\nequipo de Ensenada con Hirata, Garc\u00eda, Valladolid y Carrillo tuvo la mejor\npuntaci\u00f3n del evento, superando al Primo Tapia que fue integrado por Alfonso\nG\u00f3mez, Alberto Franco, Antonio Melendrez y Jos\u00e9 Aguilar y la tercera posici\u00f3n\nla ocupo el representativo de Tijuana con los jinetes; Isaac Ram\u00edrez, Amador\nGarc\u00eda, Jorge N\u00fa\u00f1ez y V\u00edctor Mart\u00ednez. <\/p>\n\n\n\n<p>Rodeo\nCo, Rancho La Victoria de La Familia Sainz tambi\u00e9n entrego un premio especial\nen efectivo para la mejor monta que fue para el internacional Alfonso G\u00f3mez del\nequipo de Rosarito.<\/p>\n\n\n\n<p>Previo\na la competencia de la monta de toros se llevo a cabo el concurso de Barriles\nque fue ganado por el joven Preciado, adem\u00e1s del espect\u00e1culo de los caballos\nbailadores que estuvieron acompa\u00f1ando a la cantante de ranchero Samay Radillo y\nla competencia del triangulo de barriles entre una motocicleta tripulada por\nDiego Tovar y un caballo jineteado por Memo Suarez.<\/p>\n\n\n\n<p>Los\njinetes ensenadenses Juro Hirata que fue el ganador del reconocimiento Luchador\nOlmeca que entrega la Conade a los mejores deportistas de cada una de las\ndisciplinas deportivas y participante juvenil de M\u00e9xico en el pasado mundial de\nrodeo, as\u00ed como el tambi\u00e9n mundialista Edgar Garc\u00eda se llevaron un bonito\nreconocimiento de parte de Rodeo Co. Rancho La Victoria de la Familia Sainz,\npor sus logros nacionales \u00e9 internacionales obtenidos en el jineteo de toros y\npor ser ejemplo de perseverancia y dedicaci\u00f3n en este deporte, placa que fue\nentregada por Carlos Sainz, representante de la empresa.<\/p>\n","protected":false},"excerpt":{"rendered":"<div class=\"mh-excerpt\"><p>Con Hirata, Garc\u00eda, Valladolid y Carrillo Ensenada se queda con la Copa Baja 2019 ENSENADA.- Juro Hirata, Edgar Garc\u00eda, Aylwind Valladolid y Miguel Carrillo integraron <a class=\"mh-excerpt-more\" href=\"https:\/\/bcdeportes.com\/?p=17923\" title=\"Ensenada Campe\u00f3n del Rodeo Copa Baja 2019\">[&#8230;]<\/a><\/p>\n<\/div>","protected":false},"author":2,"featured_media":17924,"comment_status":"closed","ping_status":"closed","sticky":false,"template":"","format":"standard","meta":{"footnotes":""},"categories":[1],"tags":[],"class_list":["post-17923","post","type-post","status-publish","format-standard","has-post-thumbnail","hentry","category-uncategorized"],"_links":{"self":[{"href":"https:\/\/bcdeportes.com\/index.php?rest_route=\/wp\/v2\/posts\/17923","targetHints":{"allow":["GET"]}}],"collection":[{"href":"https:\/\/bcdeportes.com\/index.php?rest_route=\/wp\/v2\/posts"}],"about":[{"href":"https:\/\/bcdeportes.com\/index.php?rest_route=\/wp\/v2\/types\/post"}],"author":[{"embeddable":true,"href":"https:\/\/bcdeportes.com\/index.php?rest_route=\/wp\/v2\/users\/2"}],"replies":[{"embeddable":true,"href":"https:\/\/bcdeportes.com\/index.php?rest_route=%2Fwp%2Fv2%2Fcomments&post=17923"}],"version-history":[{"count":1,"href":"https:\/\/bcdeportes.com\/index.php?rest_route=\/wp\/v2\/posts\/17923\/revisions"}],"predecessor-version":[{"id":17925,"href":"https:\/\/bcdeportes.com\/index.php?rest_route=\/wp\/v2\/posts\/17923\/revisions\/17925"}],"wp:featuredmedia":[{"embeddable":true,"href":"https:\/\/bcdeportes.com\/index.php?rest_route=\/wp\/v2\/media\/17924"}],"wp:attachment":[{"href":"https:\/\/bcdeportes.com\/index.php?rest_route=%2Fwp%2Fv2%2Fmedia&parent=17923"}],"wp:term":[{"taxonomy":"category","embeddable":true,"href":"https:\/\/bcdeportes.com\/index.php?rest_route=%2Fwp%2Fv2%2Fcategories&post=17923"},{"taxonomy":"post_tag","embeddable":true,"href":"https:\/\/bcdeportes.com\/index.php?rest_route=%2Fwp%2Fv2%2Ftags&post=17923"}],"curies":[{"name":"wp","href":"https:\/\/api.w.org\/{rel}","templated":true}]}}