{"id":17904,"date":"2019-11-06T04:26:30","date_gmt":"2019-11-06T04:26:30","guid":{"rendered":"http:\/\/bcdeportes.com\/?p=17904"},"modified":"2019-11-06T04:26:30","modified_gmt":"2019-11-06T04:26:30","slug":"fue-insaculado-jurado-para-el-premio-estatal-del-deporte-2019","status":"publish","type":"post","link":"https:\/\/bcdeportes.com\/?p=17904","title":{"rendered":"Fue Insaculado Jurado Para el Premio Estatal del Deporte 2019"},"content":{"rendered":"\n<p>Tres representantes de asociaciones deportivas y tres de medios de comunicaci\u00f3n han sido insaculados para ser parte del Jurado Elector<\/p>\n\n\n\n<p>MEXICALI, Baja California, 5 de noviembre de 2019.- El INDE, con la supervisi\u00f3n del licenciado Virgilio C\u00e9sar Vald\u00e9s Perales, de la Notar\u00eda No. 17, este martes llev\u00f3 a cabo la insaculaci\u00f3n de representantes de asociaciones deportivas y medios de comunicaci\u00f3n para integrar el Jurado Elector del Premio Estatal del Deporte 2019.<\/p>\n\n\n\n<p>En la Sala de Exposiciones del INDE, que dirige David Gonz\u00e1lez Camacho, el notario C\u00e9sar Virgilio Vald\u00e9s dio fe de la insaculaci\u00f3n, la cual encabez\u00f3 el director de Promoci\u00f3n, Imagen y Difusi\u00f3n, H\u00e9ctor Germ\u00e1n S\u00e1nchez Ay\u00f3n.<\/p>\n\n\n\n<p>Como representantes de asociaciones deportivas estar\u00e1n presentes en el Jurado Elector, Esdra Esmeralda M\u00e9ndez, de tiro con arco, Francisco Trujillo, de racquetbol, y Daniel Abrego, de tiro, caza y pesca; de medios, Pablo Barajas, de La Cr\u00f3nica, Juan Carlos Vildosola, de Televisa Mexicali, y Andr\u00e9s Guevara, de Canal 66.<\/p>\n\n\n\n<p>El resto de Jurado Elector estar\u00e1 compuesto por Mayra Garc\u00eda y Guillermo Figueroa, atleta y entrenadores ganadores del premio en ediciones anteriores; Rafael Carrillo y Jos\u00e9 L\u00f3pez Castellanos, de la iniciativa privada.<\/p>\n\n\n\n<p>Como autoridades deportivas estar\u00e1n los directores Lourdes Ca\u00f1ez, de Imdecuf, Laura Marmolejo, de Inmudere, y Juan Carlos Pelayo, de Imdet; y de instituciones educativas ser\u00e1n los doctores Fernando Le\u00f3n Garc\u00eda, Rector de Cetys Universidad, y Juan Manuel Ocegueda Hern\u00e1ndez, Rector de UABC.<\/p>\n\n\n\n<p>El Jurado Elector elegir\u00e1 a los ganadores del Premio Estatal del Deporte 2019 el pr\u00f3ximo martes 12 de noviembre, en un acto que se realizar\u00e1 en Ciudad Deportiva de Mexicali, y la ceremonia de premiaci\u00f3n ser\u00e1 tres d\u00edas despu\u00e9s en el Centro de Alto Rendimiento (CAR) en Tijuana.<br><\/p>\n","protected":false},"excerpt":{"rendered":"<div class=\"mh-excerpt\"><p>Tres representantes de asociaciones deportivas y tres de medios de comunicaci\u00f3n han sido insaculados para ser parte del Jurado Elector MEXICALI, Baja California, 5 de <a class=\"mh-excerpt-more\" href=\"https:\/\/bcdeportes.com\/?p=17904\" title=\"Fue Insaculado Jurado Para el Premio Estatal del Deporte 2019\">[&#8230;]<\/a><\/p>\n<\/div>","protected":false},"author":2,"featured_media":17905,"comment_status":"closed","ping_status":"closed","sticky":false,"template":"","format":"standard","meta":{"footnotes":""},"categories":[8],"tags":[],"class_list":["post-17904","post","type-post","status-publish","format-standard","has-post-thumbnail","hentry","category-inde"],"_links":{"self":[{"href":"https:\/\/bcdeportes.com\/index.php?rest_route=\/wp\/v2\/posts\/17904","targetHints":{"allow":["GET"]}}],"collection":[{"href":"https:\/\/bcdeportes.com\/index.php?rest_route=\/wp\/v2\/posts"}],"about":[{"href":"https:\/\/bcdeportes.com\/index.php?rest_route=\/wp\/v2\/types\/post"}],"author":[{"embeddable":true,"href":"https:\/\/bcdeportes.com\/index.php?rest_route=\/wp\/v2\/users\/2"}],"replies":[{"embeddable":true,"href":"https:\/\/bcdeportes.com\/index.php?rest_route=%2Fwp%2Fv2%2Fcomments&post=17904"}],"version-history":[{"count":1,"href":"https:\/\/bcdeportes.com\/index.php?rest_route=\/wp\/v2\/posts\/17904\/revisions"}],"predecessor-version":[{"id":17906,"href":"https:\/\/bcdeportes.com\/index.php?rest_route=\/wp\/v2\/posts\/17904\/revisions\/17906"}],"wp:featuredmedia":[{"embeddable":true,"href":"https:\/\/bcdeportes.com\/index.php?rest_route=\/wp\/v2\/media\/17905"}],"wp:attachment":[{"href":"https:\/\/bcdeportes.com\/index.php?rest_route=%2Fwp%2Fv2%2Fmedia&parent=17904"}],"wp:term":[{"taxonomy":"category","embeddable":true,"href":"https:\/\/bcdeportes.com\/index.php?rest_route=%2Fwp%2Fv2%2Fcategories&post=17904"},{"taxonomy":"post_tag","embeddable":true,"href":"https:\/\/bcdeportes.com\/index.php?rest_route=%2Fwp%2Fv2%2Ftags&post=17904"}],"curies":[{"name":"wp","href":"https:\/\/api.w.org\/{rel}","templated":true}]}}