{"id":17901,"date":"2019-11-06T01:31:34","date_gmt":"2019-11-06T01:31:34","guid":{"rendered":"http:\/\/bcdeportes.com\/?p=17901"},"modified":"2019-11-06T01:31:35","modified_gmt":"2019-11-06T01:31:35","slug":"alcala-y-arenas-dominaron-los-vinedos%ef%bb%bf","status":"publish","type":"post","link":"https:\/\/bcdeportes.com\/?p=17901","title":{"rendered":"ALCALA Y ARENAS DOMINARON LOS VI\u00d1EDOS\ufeff"},"content":{"rendered":"\n<p><strong>ALCALA\nY ARANAS DOMINAN LOS <\/strong><strong>VI\u00d1EDOS<\/strong><strong><\/strong><\/p>\n\n\n\n<p><strong>NOTA\nPOR: &nbsp;&nbsp;Jes\u00fas Muchacho Peralta<\/strong><\/p>\n\n\n\n<p>La 5ta\nedici\u00f3n del Medio Marat\u00f3n&nbsp; Wine Runners y\n5 Km, se realiz\u00f3&nbsp; con \u00e9xito el pasado\ndomingo en Finca Altozano, ubicada en la Delegaci\u00f3n del Ejido Francisco Zarco.\nCon participantes provenientes de Caracas, Polonia, Estados Unidos, y del\ninterior de la Rep\u00fablica Mexicana, se dio el disparo de salida para los 21 Km\nen punto de las 7:30 am&nbsp; en donde los\nparticipantes se internaron a&nbsp; una\nretadora ruta&nbsp; entre los vi\u00f1edos. Diez\nminutos despu\u00e9s se dio el disparo de salida para los participantes de la\ncarrera alterna de 5 km. <\/p>\n\n\n\n<p>A los\nganadores absolutos y por categor\u00eda en ambas pruebas se entreg\u00f3 Placa de\nreconocimiento acompa\u00f1ada de un Premio en Especie.&nbsp; Se logo un promedio de 400 participantes,\nlogrando dar un gran paso a nivel internacional gracias a la difusi\u00f3n dada\ndesde el mes de mayo que iniciaron las inscripciones, garantiz\u00e1ndoles playera y\nmedalla conmemorativa al evento.&nbsp; Los\nresultados podr\u00e1n encontrarse en la p\u00e1gina <\/p>\n\n\n\n<p>Los\nganadores absolutos en 21 km&nbsp; fueron:<\/p>\n\n\n\n<p>Femenil<\/p>\n\n\n\n<ol class=\"wp-block-list\"><li>Aid\u00e9 Alcal\u00e1 con tiempo de\n1:45\u201952\u2019\u2019<\/li><li>Cristina Hern\u00e1ndez con tiempo de 1:48\u201952\u2019\u2019<\/li><li>Danitza Macedo Con tiempo\nde 1:51\u201914\u2019\u2019<\/li><\/ol>\n\n\n\n<p>Varonil<\/p>\n\n\n\n<ol class=\"wp-block-list\"><li>David Arenas M\u00e9ndez Con\ntiempo de 1:21\u201905\u2019\u2019<\/li><li>Jos\u00e9 \u201cM\u00e1gico\u201d Navarro Con tiempo de 1:26\u201908\u2019\u2019<\/li><li>Jos\u00e9 Fierro Con tiempo de\n1:26\u201934\u2019\u2019<\/li><\/ol>\n\n\n\n<p>Ganadores&nbsp; absolutos en 4 Km fueron: <\/p>\n\n\n\n<p>Femenil<\/p>\n\n\n\n<ol class=\"wp-block-list\"><li>Mar\u00eda Calder\u00f3n con tiempo\nde 24\u201951\u2019\u2019<\/li><li>Miriam Vega Badillo 25\u201930\u2019\u2019<\/li><li>Giovanna Navarrete 27\u201920\u2019\u2019<\/li><\/ol>\n\n\n\n<p>Varonil<\/p>\n\n\n\n<ol class=\"wp-block-list\"><li>Jushaid Mart\u00ednez Le\u00f3n con\ntiempo de 19\u201942\u2019\u2019<\/li><li>Oscar Hern\u00e1ndez con tiempo de 21\u201939\u2019\u2019 <\/li><li>Diego Escudero con tiempo\nde 22\u201924\u2019\u2019<\/li><\/ol>\n","protected":false},"excerpt":{"rendered":"<div class=\"mh-excerpt\"><p>ALCALA Y ARANAS DOMINAN LOS VI\u00d1EDOS NOTA POR: &nbsp;&nbsp;Jes\u00fas Muchacho Peralta La 5ta edici\u00f3n del Medio Marat\u00f3n&nbsp; Wine Runners y 5 Km, se realiz\u00f3&nbsp; con <a class=\"mh-excerpt-more\" href=\"https:\/\/bcdeportes.com\/?p=17901\" title=\"ALCALA Y ARENAS DOMINARON LOS VI\u00d1EDOS\ufeff\">[&#8230;]<\/a><\/p>\n<\/div>","protected":false},"author":2,"featured_media":17902,"comment_status":"closed","ping_status":"closed","sticky":false,"template":"","format":"standard","meta":{"footnotes":""},"categories":[1],"tags":[],"class_list":["post-17901","post","type-post","status-publish","format-standard","has-post-thumbnail","hentry","category-uncategorized"],"_links":{"self":[{"href":"https:\/\/bcdeportes.com\/index.php?rest_route=\/wp\/v2\/posts\/17901","targetHints":{"allow":["GET"]}}],"collection":[{"href":"https:\/\/bcdeportes.com\/index.php?rest_route=\/wp\/v2\/posts"}],"about":[{"href":"https:\/\/bcdeportes.com\/index.php?rest_route=\/wp\/v2\/types\/post"}],"author":[{"embeddable":true,"href":"https:\/\/bcdeportes.com\/index.php?rest_route=\/wp\/v2\/users\/2"}],"replies":[{"embeddable":true,"href":"https:\/\/bcdeportes.com\/index.php?rest_route=%2Fwp%2Fv2%2Fcomments&post=17901"}],"version-history":[{"count":1,"href":"https:\/\/bcdeportes.com\/index.php?rest_route=\/wp\/v2\/posts\/17901\/revisions"}],"predecessor-version":[{"id":17903,"href":"https:\/\/bcdeportes.com\/index.php?rest_route=\/wp\/v2\/posts\/17901\/revisions\/17903"}],"wp:featuredmedia":[{"embeddable":true,"href":"https:\/\/bcdeportes.com\/index.php?rest_route=\/wp\/v2\/media\/17902"}],"wp:attachment":[{"href":"https:\/\/bcdeportes.com\/index.php?rest_route=%2Fwp%2Fv2%2Fmedia&parent=17901"}],"wp:term":[{"taxonomy":"category","embeddable":true,"href":"https:\/\/bcdeportes.com\/index.php?rest_route=%2Fwp%2Fv2%2Fcategories&post=17901"},{"taxonomy":"post_tag","embeddable":true,"href":"https:\/\/bcdeportes.com\/index.php?rest_route=%2Fwp%2Fv2%2Ftags&post=17901"}],"curies":[{"name":"wp","href":"https:\/\/api.w.org\/{rel}","templated":true}]}}