{"id":17216,"date":"2019-08-30T23:37:58","date_gmt":"2019-08-30T23:37:58","guid":{"rendered":"http:\/\/bcdeportes.com\/?p=17216"},"modified":"2019-08-30T23:37:59","modified_gmt":"2019-08-30T23:37:59","slug":"lizette-valentin-oro-en-el-campeonato-panamericano-de-karate","status":"publish","type":"post","link":"https:\/\/bcdeportes.com\/?p=17216","title":{"rendered":"Lizette Valent\u00edn, Oro en el Campeonato Panamericano de Karate"},"content":{"rendered":"\n<p>En\nla modalidad de Kumite<\/p>\n\n\n\n<p>Lizette\nValent\u00edn, Oro en el Campeonato Panamericano de Karate<\/p>\n\n\n\n<p>ENSENADA.-\nLizette Valent\u00edn Aguilar, consigui\u00f3 Oro en Kumite Individual Femenil, dentro de\nla categor\u00eda de U14 +47 Kg, al Inici\u00f3 el XXX Campeonato panamericano de Karate\nen Guayaquil, Ecuador.&nbsp; <\/p>\n\n\n\n<p>La\natleta bajacaliforniana lleg\u00f3 a lo m\u00e1s alto del p\u00f3dium de su categor\u00eda, despu\u00e9s\nde haber ganado todas las rondas de competencia sin ning\u00fan punto en contra, se\nenfrent\u00f3 a Venezuela 7-0, Brasil 4-0, Ecuador 5-0 y Chile 8-0.<\/p>\n\n\n\n<p>La\natleta es del municipio de Ensenada y alumna de los maestros Estefan\u00eda Garc\u00eda y\nRams\u00e9s Rodr\u00edguez.<\/p>\n","protected":false},"excerpt":{"rendered":"<div class=\"mh-excerpt\"><p>En la modalidad de Kumite Lizette Valent\u00edn, Oro en el Campeonato Panamericano de Karate ENSENADA.- Lizette Valent\u00edn Aguilar, consigui\u00f3 Oro en Kumite Individual Femenil, dentro <a class=\"mh-excerpt-more\" href=\"https:\/\/bcdeportes.com\/?p=17216\" title=\"Lizette Valent\u00edn, Oro en el Campeonato Panamericano de Karate\">[&#8230;]<\/a><\/p>\n<\/div>","protected":false},"author":2,"featured_media":17217,"comment_status":"closed","ping_status":"closed","sticky":false,"template":"","format":"standard","meta":{"footnotes":""},"categories":[1],"tags":[],"class_list":["post-17216","post","type-post","status-publish","format-standard","has-post-thumbnail","hentry","category-uncategorized"],"_links":{"self":[{"href":"https:\/\/bcdeportes.com\/index.php?rest_route=\/wp\/v2\/posts\/17216","targetHints":{"allow":["GET"]}}],"collection":[{"href":"https:\/\/bcdeportes.com\/index.php?rest_route=\/wp\/v2\/posts"}],"about":[{"href":"https:\/\/bcdeportes.com\/index.php?rest_route=\/wp\/v2\/types\/post"}],"author":[{"embeddable":true,"href":"https:\/\/bcdeportes.com\/index.php?rest_route=\/wp\/v2\/users\/2"}],"replies":[{"embeddable":true,"href":"https:\/\/bcdeportes.com\/index.php?rest_route=%2Fwp%2Fv2%2Fcomments&post=17216"}],"version-history":[{"count":1,"href":"https:\/\/bcdeportes.com\/index.php?rest_route=\/wp\/v2\/posts\/17216\/revisions"}],"predecessor-version":[{"id":17218,"href":"https:\/\/bcdeportes.com\/index.php?rest_route=\/wp\/v2\/posts\/17216\/revisions\/17218"}],"wp:featuredmedia":[{"embeddable":true,"href":"https:\/\/bcdeportes.com\/index.php?rest_route=\/wp\/v2\/media\/17217"}],"wp:attachment":[{"href":"https:\/\/bcdeportes.com\/index.php?rest_route=%2Fwp%2Fv2%2Fmedia&parent=17216"}],"wp:term":[{"taxonomy":"category","embeddable":true,"href":"https:\/\/bcdeportes.com\/index.php?rest_route=%2Fwp%2Fv2%2Fcategories&post=17216"},{"taxonomy":"post_tag","embeddable":true,"href":"https:\/\/bcdeportes.com\/index.php?rest_route=%2Fwp%2Fv2%2Ftags&post=17216"}],"curies":[{"name":"wp","href":"https:\/\/api.w.org\/{rel}","templated":true}]}}