{"id":17213,"date":"2019-08-30T23:32:35","date_gmt":"2019-08-30T23:32:35","guid":{"rendered":"http:\/\/bcdeportes.com\/?p=17213"},"modified":"2019-08-30T23:32:36","modified_gmt":"2019-08-30T23:32:36","slug":"alexis-es-cuarto-lugar-mundial-en-remo","status":"publish","type":"post","link":"https:\/\/bcdeportes.com\/?p=17213","title":{"rendered":"ALEXIS ES CUARTO LUGAR MUNDIAL EN REMO"},"content":{"rendered":"\n<p>\nALEXIS ES CUARTO LUGAR MUNDIAL EN REMO<\/p>\n\n\n\n<p>\nMEXICALI, Baja \nCalifornia, 30 de agosto de 2019.- Con un tiempo de 7:05.220 minutos, el\n bajacaliforniano Alexis L\u00f3pez se ubic\u00f3 en cuarto lugar en el Campeonato\n Mundial Senior de Remo, en Linz-Ottensheim, Austria.<\/p>\n\n\n\n<p>\nEn la jornada de \nfinales del Mundial Senior, Alexis L\u00f3pez cerr\u00f3 su participaci\u00f3n en el \nsingle ligero, prueba en la que el italiano Martino Goretti se convirti\u00f3\n en el campe\u00f3n mundial en este 2019, con un tiempo\n de 6:59.480 minutos.<\/p>\n\n\n\n<p>\nLa medalla de plata \nfue para el h\u00fangaro Peter Galambos con 7:02.370 minutos y el bronce para\n el australiano Sean Murphy con 7:04.550; atr\u00e1s del mexicano se ubicaron\n el brit\u00e1nico Samuel Mottram con 7:05.390\n y el canadiense Aaron Lattimer con 7:13.810.<\/p>\n","protected":false},"excerpt":{"rendered":"<div class=\"mh-excerpt\"><p>ALEXIS ES CUARTO LUGAR MUNDIAL EN REMO MEXICALI, Baja California, 30 de agosto de 2019.- Con un tiempo de 7:05.220 minutos, el bajacaliforniano Alexis L\u00f3pez <a class=\"mh-excerpt-more\" href=\"https:\/\/bcdeportes.com\/?p=17213\" title=\"ALEXIS ES CUARTO LUGAR MUNDIAL EN REMO\">[&#8230;]<\/a><\/p>\n<\/div>","protected":false},"author":2,"featured_media":17214,"comment_status":"closed","ping_status":"closed","sticky":false,"template":"","format":"standard","meta":{"footnotes":""},"categories":[8],"tags":[],"class_list":["post-17213","post","type-post","status-publish","format-standard","has-post-thumbnail","hentry","category-inde"],"_links":{"self":[{"href":"https:\/\/bcdeportes.com\/index.php?rest_route=\/wp\/v2\/posts\/17213","targetHints":{"allow":["GET"]}}],"collection":[{"href":"https:\/\/bcdeportes.com\/index.php?rest_route=\/wp\/v2\/posts"}],"about":[{"href":"https:\/\/bcdeportes.com\/index.php?rest_route=\/wp\/v2\/types\/post"}],"author":[{"embeddable":true,"href":"https:\/\/bcdeportes.com\/index.php?rest_route=\/wp\/v2\/users\/2"}],"replies":[{"embeddable":true,"href":"https:\/\/bcdeportes.com\/index.php?rest_route=%2Fwp%2Fv2%2Fcomments&post=17213"}],"version-history":[{"count":1,"href":"https:\/\/bcdeportes.com\/index.php?rest_route=\/wp\/v2\/posts\/17213\/revisions"}],"predecessor-version":[{"id":17215,"href":"https:\/\/bcdeportes.com\/index.php?rest_route=\/wp\/v2\/posts\/17213\/revisions\/17215"}],"wp:featuredmedia":[{"embeddable":true,"href":"https:\/\/bcdeportes.com\/index.php?rest_route=\/wp\/v2\/media\/17214"}],"wp:attachment":[{"href":"https:\/\/bcdeportes.com\/index.php?rest_route=%2Fwp%2Fv2%2Fmedia&parent=17213"}],"wp:term":[{"taxonomy":"category","embeddable":true,"href":"https:\/\/bcdeportes.com\/index.php?rest_route=%2Fwp%2Fv2%2Fcategories&post=17213"},{"taxonomy":"post_tag","embeddable":true,"href":"https:\/\/bcdeportes.com\/index.php?rest_route=%2Fwp%2Fv2%2Ftags&post=17213"}],"curies":[{"name":"wp","href":"https:\/\/api.w.org\/{rel}","templated":true}]}}