{"id":17186,"date":"2019-08-28T23:41:09","date_gmt":"2019-08-28T23:41:09","guid":{"rendered":"http:\/\/bcdeportes.com\/?p=17186"},"modified":"2019-08-28T23:41:10","modified_gmt":"2019-08-28T23:41:10","slug":"arturo-perez-verti-el-mejor-nadador-mexicano-de-aguas-abiertas","status":"publish","type":"post","link":"https:\/\/bcdeportes.com\/?p=17186","title":{"rendered":"Arturo P\u00e9rez Verti el Mejor Nadador Mexicano de Aguas Abiertas"},"content":{"rendered":"\n<p>Su\nobjetivo buscar boleto a los ol\u00edmpicos de Tokio 2020<\/p>\n\n\n\n<p>Arturo\nP\u00e9rez Verti el mejor mexicano de Aguas Abiertas<\/p>\n\n\n\n<p>Se\nprepara con los mejores de Estados Unidos<br><\/p>\n\n\n\n<p>ENSENADA.-\nLuego de haber conseguido el noveno lugar y ser el mejor nadador mexicano de\nAguas Abiertas, tanto en el Mundial de Corea y de los pasados Juegos\nPanamericanos de Lima, Per\u00fa 2019, el ensenadense Arturo P\u00e9rez Vert\u00ed &nbsp;tiene como objetivo conseguir su boleto a los\nJuegos Ol\u00edmpicos del 2020 con sede en Tokio, Jap\u00f3n.<\/p>\n\n\n\n<p>El\nnadador ensenadense, tras su participaci\u00f3n en los Panamericanos 2019 de Lima,\nregreso a su natal Ensenada como el mejor nadador de aguas abiertas de nuestro\npa\u00eds, para&nbsp; tomar un merecido descanso,\nteniendo que hacer un espacio para asistir a la Ciudad de M\u00e9xico y recibir de\nparte del Gobierno Federal una beca que fue entregada personalmente a cada\natleta medallista de los Panamericanos de Lima, en evento encabezado por el\npresidente de la rep\u00fablica Andr\u00e9s Manuel L\u00f3pez Obrador.<\/p>\n\n\n\n<p>Viniendo\nde una lesi\u00f3n sufrida en diciembre del 2018, fue en el mes de abril fecha del\nselectivo nacional, donde P\u00e9rez Vert\u00ed logro el boleto para asistir al mundial\nde Corea del Sur en el mes de julio y Juegos Panamericanos 2019, empezando as\u00ed\nuna preparaci\u00f3n con competencias locales en el \u00e1rea de California, donde as\u00ed\nequipo con dos compa\u00f1eros estadounidenses que tambi\u00e9n asistieron al campeonato\ndel mundo.<\/p>\n\n\n\n<p>Tanto\nen el Mundial celebrado en Corea, como en los Panamericanos de Lima, Arturo\nP\u00e9rez Vert\u00ed fue el mejor hombre posicionado y mas cerca de la medallas para ser\nel mejor representante de M\u00e9xico en ambas competencias.<\/p>\n\n\n\n<p>En\nsu mas reciente competencia que fueron los Panamericanos 2019, P\u00e9rez Vert\u00ed, fue\nnoveno de la justa con tiempo 1:55.31.7, quedando a un minuto y fracci\u00f3n de\ntiempo del ganador de la medalla de oro el ecuatoriano Esteban Enderica con\ntiempo de 1:53: 46.7.<\/p>\n\n\n\n<p>\u201cFue\nuna gran experiencia la de estos Panamericanos, ya que por un buen tiempo me\nmantuve en la primera posici\u00f3n, posteriormente baje a la cuarta posici\u00f3n donde\n\u00edbamos varios pegados, con un paso fuerte, nadando con buena velocidad y tiempo\ny no fue hasta la \u00faltima vuelta que fue donde me despegue del grupo, para\nterminar en la novena posici\u00f3n.<\/p>\n\n\n\n<p>P\u00e9rez\nVert\u00ed se encuentra ya listo para volver a radicar a Misi\u00f3n Viejo, California, para\nvolver a los entrenamientos bajo las \u00f3rdenes de su entrenador, Mark Schubert\nquien est\u00e1 muy comprometido en su labor con el nadador ensenadense, para buscar\nla clasificaci\u00f3n a los juegos Ol\u00edmpicos 2010 de Tokio, cuyo selectivo se estar\u00e1\ndesarrollando hasta julio del 2020, por lo que considera tener un buen tiempo\npara preparase y conseguir la clasificaci\u00f3n&nbsp;\na lo que seria sus segundos Juegos Ol\u00edmpicos.<\/p>\n\n\n\n<p>El\nnadador que tuvo sus inicios en la nataci\u00f3n con el Profe Guillermo L\u00f3pez se\u00f1alo\nque sus aspiraci\u00f3n no es s\u00f3lo calificar en aguas abiertas, sino adem\u00e1s repetir\nla experiencia de Londres 2012 donde fue parte de la prueba de los mil 500\nmetros en alberca.<\/p>\n\n\n\n<p>\u201cEstoy\nmuy agradecido con el presidente de la rep\u00fablica por el apoyo que nos dio, ya\nque con eso voy a tener la solvencia para mantenerme en estados unidos y cubrir\nmis gastos de entrenamiento, este apoyo nunca antes lo hab\u00edamos tenido de\nninguna autoridad deportiva, ni en el estado, mucho menos a nivel nacional, por\nlo que felicito a nuestro presidente Andr\u00e9s Manuel L\u00f3pez Obrador por esta gran\nacierto de apoyar a los deportistas que ponemos en alto el nombre de M\u00e9xico y\nmucho mejor que el apoyo llego directo sin intermediaros a nosotros los\ndeportistas\u201d comento el nadador del puerto de Ensenada.<\/p>\n\n\n\n<p>\u201cSiempre\nmi familia me ha apoyado en todo, se puede decir que mi carrera se la debo a\nellos, ya que son los que han estado conmigo durante todo el camino y en todas\nlas etapas\u201d termino diciendo el mejor nadador de aguas abiertas de M\u00e9xico.<\/p>\n\n\n\n<p>Arturo\nP\u00e9rez Vert\u00ed en su carrera de nadador a tenido participaci\u00f3n en varias Olimpiada\nNacionales, Juegos Centroamericanos y Del Caribe, Juegos Panamericanos,\nMundiales de FINA, Copas del Mundo y Juegos Ol\u00edmpicos. <\/p>\n","protected":false},"excerpt":{"rendered":"<div class=\"mh-excerpt\"><p>Su objetivo buscar boleto a los ol\u00edmpicos de Tokio 2020 Arturo P\u00e9rez Verti el mejor mexicano de Aguas Abiertas Se prepara con los mejores de <a class=\"mh-excerpt-more\" href=\"https:\/\/bcdeportes.com\/?p=17186\" title=\"Arturo P\u00e9rez Verti el Mejor Nadador Mexicano de Aguas Abiertas\">[&#8230;]<\/a><\/p>\n<\/div>","protected":false},"author":2,"featured_media":17187,"comment_status":"closed","ping_status":"closed","sticky":false,"template":"","format":"standard","meta":{"footnotes":""},"categories":[1],"tags":[],"class_list":["post-17186","post","type-post","status-publish","format-standard","has-post-thumbnail","hentry","category-uncategorized"],"_links":{"self":[{"href":"https:\/\/bcdeportes.com\/index.php?rest_route=\/wp\/v2\/posts\/17186","targetHints":{"allow":["GET"]}}],"collection":[{"href":"https:\/\/bcdeportes.com\/index.php?rest_route=\/wp\/v2\/posts"}],"about":[{"href":"https:\/\/bcdeportes.com\/index.php?rest_route=\/wp\/v2\/types\/post"}],"author":[{"embeddable":true,"href":"https:\/\/bcdeportes.com\/index.php?rest_route=\/wp\/v2\/users\/2"}],"replies":[{"embeddable":true,"href":"https:\/\/bcdeportes.com\/index.php?rest_route=%2Fwp%2Fv2%2Fcomments&post=17186"}],"version-history":[{"count":1,"href":"https:\/\/bcdeportes.com\/index.php?rest_route=\/wp\/v2\/posts\/17186\/revisions"}],"predecessor-version":[{"id":17188,"href":"https:\/\/bcdeportes.com\/index.php?rest_route=\/wp\/v2\/posts\/17186\/revisions\/17188"}],"wp:featuredmedia":[{"embeddable":true,"href":"https:\/\/bcdeportes.com\/index.php?rest_route=\/wp\/v2\/media\/17187"}],"wp:attachment":[{"href":"https:\/\/bcdeportes.com\/index.php?rest_route=%2Fwp%2Fv2%2Fmedia&parent=17186"}],"wp:term":[{"taxonomy":"category","embeddable":true,"href":"https:\/\/bcdeportes.com\/index.php?rest_route=%2Fwp%2Fv2%2Fcategories&post=17186"},{"taxonomy":"post_tag","embeddable":true,"href":"https:\/\/bcdeportes.com\/index.php?rest_route=%2Fwp%2Fv2%2Ftags&post=17186"}],"curies":[{"name":"wp","href":"https:\/\/api.w.org\/{rel}","templated":true}]}}