{"id":17114,"date":"2019-08-22T23:37:20","date_gmt":"2019-08-22T23:37:20","guid":{"rendered":"http:\/\/bcdeportes.com\/?p=17114"},"modified":"2019-08-22T23:37:21","modified_gmt":"2019-08-22T23:37:21","slug":"lista-seleccion-de-softbol-ensenada-municipal","status":"publish","type":"post","link":"https:\/\/bcdeportes.com\/?p=17114","title":{"rendered":"Lista Selecci\u00f3n de Softbol Ensenada Municipal"},"content":{"rendered":"\n<p>Para\nestatal categor\u00eda de 58 A\u00f1os y M\u00e1s<\/p>\n\n\n\n<p>Lista\nselecci\u00f3n de softbol Ensenada Municipal<\/p>\n\n\n\n<p>La\nEmpresarial su primer rival<br><\/p>\n\n\n\n<p>ENSENADA.-\nLa selecci\u00f3n representativa de la Liga Municipal de softbol de Ensenada se\ndeclaro lista para su participaci\u00f3n este s\u00e1bado y domingo en el campeonato\nestatal de la categor\u00eda de 58 A\u00f1os y Mayores, que tendr\u00e1 como sede los\ncampos&nbsp; Cepillo Salgado y Prieto Soto de\neste puerto.<\/p>\n\n\n\n<p>La\nescuadra de Ensenada Municipal ser\u00e1 piloteada por Roberto Garc\u00eda, Roberto\nAcosta y Roberto Navarro, teniendo como su primer rival a su similar de\nEnsenada Empresarial este s\u00e1bado en punto de las 10 de la ma\u00f1ana y por la tarde\na las 15:00 horas medir\u00e1 fuerzas con el DUM de Mexicali.<\/p>\n\n\n\n<p>El\nplantel de softbolistas que defender\u00e1 los colores de Ensenada Municipal est\u00e1\nintegrado por:<\/p>\n\n\n\n<p>1.-\nH\u00e9ctor \u201cQueto\u201d Orozco.<\/p>\n\n\n\n<p>2.-\nJos\u00e9 Yajimovich.<\/p>\n\n\n\n<p>3.-\nJos\u00e9 Becerra.<\/p>\n\n\n\n<p>4.-\nRa\u00fal \u201cPuma\u201d Pe\u00f1a.<\/p>\n\n\n\n<p>5.-\nFrancisco \u201cPoch\u00f3n\u201d Nieto.<\/p>\n\n\n\n<p>6.-\nDavid \u201cNegro\u201d Guzm\u00e1n.<\/p>\n\n\n\n<p>7.-\nJes\u00fas Cobos.<\/p>\n\n\n\n<p>8.-\nReyes Higuera.<\/p>\n\n\n\n<p>9.-\nRoberto Vizcarra.<\/p>\n\n\n\n<p>10.-\nAlfonso Carballo.<\/p>\n\n\n\n<p>11.-\nAlberto Valverde.<\/p>\n\n\n\n<p>12.-\nCarlos Mariscal.<\/p>\n\n\n\n<p>13.-\nMario Barrera.<\/p>\n\n\n\n<p>14.-\nJuan Manuel \u00c1lvarez.<\/p>\n\n\n\n<p>15.-\nCarlos \u201cLoco\u201d Hurtado.<\/p>\n\n\n\n<p>16.-\nJavier Castro.<\/p>\n\n\n\n<p>17.-\nAlfredo N\u00fa\u00f1ez.<\/p>\n\n\n\n<p>18.-\nOscar Valenzuela.<\/p>\n","protected":false},"excerpt":{"rendered":"<div class=\"mh-excerpt\"><p>Para estatal categor\u00eda de 58 A\u00f1os y M\u00e1s Lista selecci\u00f3n de softbol Ensenada Municipal La Empresarial su primer rival ENSENADA.- La selecci\u00f3n representativa de la <a class=\"mh-excerpt-more\" href=\"https:\/\/bcdeportes.com\/?p=17114\" title=\"Lista Selecci\u00f3n de Softbol Ensenada Municipal\">[&#8230;]<\/a><\/p>\n<\/div>","protected":false},"author":2,"featured_media":17115,"comment_status":"closed","ping_status":"closed","sticky":false,"template":"","format":"standard","meta":{"footnotes":""},"categories":[1],"tags":[],"class_list":["post-17114","post","type-post","status-publish","format-standard","has-post-thumbnail","hentry","category-uncategorized"],"_links":{"self":[{"href":"https:\/\/bcdeportes.com\/index.php?rest_route=\/wp\/v2\/posts\/17114","targetHints":{"allow":["GET"]}}],"collection":[{"href":"https:\/\/bcdeportes.com\/index.php?rest_route=\/wp\/v2\/posts"}],"about":[{"href":"https:\/\/bcdeportes.com\/index.php?rest_route=\/wp\/v2\/types\/post"}],"author":[{"embeddable":true,"href":"https:\/\/bcdeportes.com\/index.php?rest_route=\/wp\/v2\/users\/2"}],"replies":[{"embeddable":true,"href":"https:\/\/bcdeportes.com\/index.php?rest_route=%2Fwp%2Fv2%2Fcomments&post=17114"}],"version-history":[{"count":1,"href":"https:\/\/bcdeportes.com\/index.php?rest_route=\/wp\/v2\/posts\/17114\/revisions"}],"predecessor-version":[{"id":17116,"href":"https:\/\/bcdeportes.com\/index.php?rest_route=\/wp\/v2\/posts\/17114\/revisions\/17116"}],"wp:featuredmedia":[{"embeddable":true,"href":"https:\/\/bcdeportes.com\/index.php?rest_route=\/wp\/v2\/media\/17115"}],"wp:attachment":[{"href":"https:\/\/bcdeportes.com\/index.php?rest_route=%2Fwp%2Fv2%2Fmedia&parent=17114"}],"wp:term":[{"taxonomy":"category","embeddable":true,"href":"https:\/\/bcdeportes.com\/index.php?rest_route=%2Fwp%2Fv2%2Fcategories&post=17114"},{"taxonomy":"post_tag","embeddable":true,"href":"https:\/\/bcdeportes.com\/index.php?rest_route=%2Fwp%2Fv2%2Ftags&post=17114"}],"curies":[{"name":"wp","href":"https:\/\/api.w.org\/{rel}","templated":true}]}}