{"id":17086,"date":"2019-08-19T01:55:11","date_gmt":"2019-08-19T01:55:11","guid":{"rendered":"http:\/\/bcdeportes.com\/?p=17086"},"modified":"2019-08-19T01:55:12","modified_gmt":"2019-08-19T01:55:12","slug":"fufefac-organiza-foro-con-el-regidor-raul-vera","status":"publish","type":"post","link":"https:\/\/bcdeportes.com\/?p=17086","title":{"rendered":"Fufefac organiza Foro con el Regidor Ra\u00fal Vera"},"content":{"rendered":"\n<p>Con\npresidentes de ligas de Ensenada<\/p>\n\n\n\n<p>Fufefac\norganiza foro con el regidor Ra\u00fal Vera<\/p>\n\n\n\n<p>El\nregidor se comprometi\u00f3 con los futbolistas<\/p>\n\n\n\n<p>ENSENADA.-\nLa Asociaci\u00f3n Unidos por el Futbol de Ensenada convoco a los presidentes y\nrepresentantes de ligas de futbol de Ensenada, con el fin de que pudieran\nexponer sus necesidades&nbsp; en torno a\nmejorar la infraestructura de instalaciones y campos de futbol, en el foro que\nsostuvieron con Ra\u00fal Vera reci\u00e9n electo para el cargo de regidor del pr\u00f3ximo\nayuntamiento de Ensenada.<\/p>\n\n\n\n<p>Ra\u00fal\nVera, Futbolista activo en veteranos y ha sido presidente interino de liga de\nprimera fuerza y juvenil, de modo que los futbolistas y directivos est\u00e1n\nesperanzados de poder verse beneficiados con algunos apoyos de parte del\nregidor electo.<\/p>\n\n\n\n<p>Antes\nde iniciar se pidi\u00f3 a los presentes un minuto de aplausos para un gran impulsor\ndel futbol de Ensenada y socio fundador de la organizaci\u00f3n Sr. Moy Villase\u00f1or\n(qepd) quien falleci\u00f3 recientemente.<\/p>\n\n\n\n<p>La\nmesa directiva de Futbolistas Unidos por el Futbol de Ensenada que preside\ninterinamente&nbsp; Juan Herrera, dio la\nbienvenida a los asistentes y al regidor electo, el secretario de dicha\norganizaci\u00f3n Prof. Antonio Villalvazo dirigi\u00f3 el foro y&nbsp; Correspondi\u00f3 al administrador del campo nuevo\nEnsenada, en este caso la Liga de Primera Fuerza y Juvenil de Ensenada y&nbsp; a su presidente V\u00edctor Hugo Rom\u00e1n, en\nexpresar la principales necesidades del Campo Nuevo Ensenada, as\u00ed mismo la\npresidenta de la liga femenil, Sulen Garc\u00eda, invito a las semifinales del\nprimer torneo que se llevara a cabo este domingo en el campo Ensenada y pidi\u00f3\nel apoyo para su liga femenil para motivar con uniformes a los nuevos equipos\nque se registren para siguiente torneo.<\/p>\n\n\n\n<p>Por\nsu parte el regidor electo Lic. Ra\u00fal Vera, agradeci\u00f3 la invitaci\u00f3n y reitero su\napoyo para el futbol en general&nbsp; e invito\na los futbolistas y dirigentes a trabajar cada uno poniendo su parte y propuso\nque se deber\u00eda de formar un patronato para que las peticiones tengan m\u00e1s peso y\npueda alcanzar para todas las necesidades<\/p>\n\n\n\n<p>Asistieron\na dicho foro, V\u00edctor Hugo Rom\u00e1n, presidente de la liga de primera fuerza y\njuvenil, Fernando Castillo. Presidente de la liga infantil y juvenil, Sulen\nGarc\u00eda, presidenta de la liga femenil,&nbsp;\nLic. Carlos Evangelista, delegado de la Asociaci\u00f3n Estatal de futbol,\nSr. Garfias, presidente de colegio de \u00e1rbitros, Rub\u00e9n Garc\u00eda Dom\u00ednguez, Lupita\nZavala, y Enrique Moctezuma por parte del Muro de la fama del Sauzal, Miguel\nHern\u00e1ndez, presidente de la liga de segunda fuerza, Josefa Valdez Le\u00f3n,\nrepresentante de la ola roja del Sauzal femenil, as\u00ed como todos los socios\nfundadores de FUFEAC quienes fungieron como anfitriones y obviamente el regidor\nelecto Ra\u00fal Vera<\/p>\n","protected":false},"excerpt":{"rendered":"<div class=\"mh-excerpt\"><p>Con presidentes de ligas de Ensenada Fufefac organiza foro con el regidor Ra\u00fal Vera El regidor se comprometi\u00f3 con los futbolistas ENSENADA.- La Asociaci\u00f3n Unidos <a class=\"mh-excerpt-more\" href=\"https:\/\/bcdeportes.com\/?p=17086\" title=\"Fufefac organiza Foro con el Regidor Ra\u00fal Vera\">[&#8230;]<\/a><\/p>\n<\/div>","protected":false},"author":2,"featured_media":17087,"comment_status":"closed","ping_status":"closed","sticky":false,"template":"","format":"standard","meta":{"footnotes":""},"categories":[1],"tags":[],"class_list":["post-17086","post","type-post","status-publish","format-standard","has-post-thumbnail","hentry","category-uncategorized"],"_links":{"self":[{"href":"https:\/\/bcdeportes.com\/index.php?rest_route=\/wp\/v2\/posts\/17086","targetHints":{"allow":["GET"]}}],"collection":[{"href":"https:\/\/bcdeportes.com\/index.php?rest_route=\/wp\/v2\/posts"}],"about":[{"href":"https:\/\/bcdeportes.com\/index.php?rest_route=\/wp\/v2\/types\/post"}],"author":[{"embeddable":true,"href":"https:\/\/bcdeportes.com\/index.php?rest_route=\/wp\/v2\/users\/2"}],"replies":[{"embeddable":true,"href":"https:\/\/bcdeportes.com\/index.php?rest_route=%2Fwp%2Fv2%2Fcomments&post=17086"}],"version-history":[{"count":1,"href":"https:\/\/bcdeportes.com\/index.php?rest_route=\/wp\/v2\/posts\/17086\/revisions"}],"predecessor-version":[{"id":17088,"href":"https:\/\/bcdeportes.com\/index.php?rest_route=\/wp\/v2\/posts\/17086\/revisions\/17088"}],"wp:featuredmedia":[{"embeddable":true,"href":"https:\/\/bcdeportes.com\/index.php?rest_route=\/wp\/v2\/media\/17087"}],"wp:attachment":[{"href":"https:\/\/bcdeportes.com\/index.php?rest_route=%2Fwp%2Fv2%2Fmedia&parent=17086"}],"wp:term":[{"taxonomy":"category","embeddable":true,"href":"https:\/\/bcdeportes.com\/index.php?rest_route=%2Fwp%2Fv2%2Fcategories&post=17086"},{"taxonomy":"post_tag","embeddable":true,"href":"https:\/\/bcdeportes.com\/index.php?rest_route=%2Fwp%2Fv2%2Ftags&post=17086"}],"curies":[{"name":"wp","href":"https:\/\/api.w.org\/{rel}","templated":true}]}}