{"id":17071,"date":"2019-08-17T21:32:01","date_gmt":"2019-08-17T21:32:01","guid":{"rendered":"http:\/\/bcdeportes.com\/?p=17071"},"modified":"2019-08-17T21:32:02","modified_gmt":"2019-08-17T21:32:02","slug":"tendra-baja-california-representantes-en-juegos-parapanamericanos","status":"publish","type":"post","link":"https:\/\/bcdeportes.com\/?p=17071","title":{"rendered":"TENDR\u00c1 BAJA CALIFORNIA REPRESENTANTES EN JUEGOS PARAPANAMERICANOS"},"content":{"rendered":"\n<p>\n\n\n\n\nTENDR\u00c1 BAJA CALIFORNIA REPRESENTANTES EN JUEGOS PARAPANAMERICANOS<br><\/p>\n\n\n\n<p>\nLIMA, Per\u00fa -Baja California contar\u00e1 con representantes en los Juegos \nParapanamericanos, que iniciar\u00e1n en la capital peruana en unos d\u00edas m\u00e1s.<\/p>\n\n\n\n<p>\nComo parte de la delegaci\u00f3n mexicana se encuentran convocadas las \natletas peninsulares Tania Jim\u00e9nez Manzanares y Alma Isabel Aldaco, \nquienes competir\u00e1n en la disciplina de golbol.<\/p>\n\n\n\n<p>\nSemanas atr\u00e1s, Jim\u00e9nez y Aldaco se hab\u00edan concentrado ya en la Ciudad de\n M\u00e9xico con la selecci\u00f3n nacional a fin de preparar detalles con \nrespecto a su participaci\u00f3n. Tambi\u00e9n, las dos bajacalifornianas \nestuvieron presentes en la ceremonia de abanderamiento de\nla Delegaci\u00f3n Mexicana encabezada por el presidente Andr\u00e9s Manuel L\u00f3pez \nObrador, esta semana en Palacio Nacional.<\/p>\n\n\n\n<p>\nAl grupo bajacaliforniano se han sumado Shantal Cobos, quien es \nentrenada por el profesor Julio Mungu\u00eda, quien tambi\u00e9n asistir\u00e1 a la \njusta.<\/p>\n\n\n\n<p>\nCobos ha representado a Baja California como lanzadora en el certamen de\n lanzamiento de clava en competidoras con Par\u00e1lisis Cerebral (32) para \nconvertirse en la primera bajacalifroniana que asistir\u00e1 a una justa de \neste nivel como son los Juegos Parapanamericanos,\nal registrar 16.05 metros.&nbsp;<\/p>\n\n\n\n<p>\nMeses atr\u00e1s, en Sao Paulo, Brasil, obtuvo la medalla de plata en un clasificatorio Panamericano.&nbsp;<\/p>\n\n\n\n<p>\nEn menos de seis meses, logr\u00f3 clasificarse a los Parapanamericanos, en un proceso relativamente corto.<\/p>\n\n\n\n<p>\nAl grupo de \u201cEmbajadores\u201d del Deporte bajacaliforniano se ha sumado \nJacqueline Montes, responsable del Deporte Adaptado en el Instituto del \nDeporte y la Cultura F\u00edsica (INDE).<\/p>\n\n\n\n<p>\nMontes Hern\u00e1ndez asistir\u00e1 como personal t\u00e9cnico apoyando a la Federaci\u00f3n Mexicana de Ciegos y D\u00e9biles Visuales.<\/p>\n\n\n\n<p>\nRecientemente, tuvo lugar el abanderamiento de Juegos Parapanamericanos,\n evento que se realizar\u00e1 del 23 de agosto al 1 de septiembre.<\/p>\n","protected":false},"excerpt":{"rendered":"<div class=\"mh-excerpt\"><p>TENDR\u00c1 BAJA CALIFORNIA REPRESENTANTES EN JUEGOS PARAPANAMERICANOS LIMA, Per\u00fa -Baja California contar\u00e1 con representantes en los Juegos Parapanamericanos, que iniciar\u00e1n en la capital peruana en <a class=\"mh-excerpt-more\" href=\"https:\/\/bcdeportes.com\/?p=17071\" title=\"TENDR\u00c1 BAJA CALIFORNIA REPRESENTANTES EN JUEGOS PARAPANAMERICANOS\">[&#8230;]<\/a><\/p>\n<\/div>","protected":false},"author":2,"featured_media":17072,"comment_status":"closed","ping_status":"closed","sticky":false,"template":"","format":"standard","meta":{"footnotes":""},"categories":[8],"tags":[],"class_list":["post-17071","post","type-post","status-publish","format-standard","has-post-thumbnail","hentry","category-inde"],"_links":{"self":[{"href":"https:\/\/bcdeportes.com\/index.php?rest_route=\/wp\/v2\/posts\/17071","targetHints":{"allow":["GET"]}}],"collection":[{"href":"https:\/\/bcdeportes.com\/index.php?rest_route=\/wp\/v2\/posts"}],"about":[{"href":"https:\/\/bcdeportes.com\/index.php?rest_route=\/wp\/v2\/types\/post"}],"author":[{"embeddable":true,"href":"https:\/\/bcdeportes.com\/index.php?rest_route=\/wp\/v2\/users\/2"}],"replies":[{"embeddable":true,"href":"https:\/\/bcdeportes.com\/index.php?rest_route=%2Fwp%2Fv2%2Fcomments&post=17071"}],"version-history":[{"count":1,"href":"https:\/\/bcdeportes.com\/index.php?rest_route=\/wp\/v2\/posts\/17071\/revisions"}],"predecessor-version":[{"id":17073,"href":"https:\/\/bcdeportes.com\/index.php?rest_route=\/wp\/v2\/posts\/17071\/revisions\/17073"}],"wp:featuredmedia":[{"embeddable":true,"href":"https:\/\/bcdeportes.com\/index.php?rest_route=\/wp\/v2\/media\/17072"}],"wp:attachment":[{"href":"https:\/\/bcdeportes.com\/index.php?rest_route=%2Fwp%2Fv2%2Fmedia&parent=17071"}],"wp:term":[{"taxonomy":"category","embeddable":true,"href":"https:\/\/bcdeportes.com\/index.php?rest_route=%2Fwp%2Fv2%2Fcategories&post=17071"},{"taxonomy":"post_tag","embeddable":true,"href":"https:\/\/bcdeportes.com\/index.php?rest_route=%2Fwp%2Fv2%2Ftags&post=17071"}],"curies":[{"name":"wp","href":"https:\/\/api.w.org\/{rel}","templated":true}]}}