{"id":17050,"date":"2019-08-14T23:29:21","date_gmt":"2019-08-14T23:29:21","guid":{"rendered":"http:\/\/bcdeportes.com\/?p=17050"},"modified":"2019-08-14T23:30:04","modified_gmt":"2019-08-14T23:30:04","slug":"score-celebra-por-primera-vez-tres-carreras-este-ano","status":"publish","type":"post","link":"https:\/\/bcdeportes.com\/?p=17050","title":{"rendered":"Score Celebra por Primera vez en Ensenada Tres Carreras este A\u00f1o"},"content":{"rendered":"\n<p>Ensenada\ncelebrara tres carreras de \u00abScore\u00bb este a\u00f1o<\/p>\n\n\n\n<p>Por\nPrimera vez en 45 a\u00f1os<br><\/p>\n\n\n\n<p>ENSENADA.-\nPor primera ocasi\u00f3n en m\u00e1s de 46 a\u00f1os de presencia en la pen\u00ednsula de Baja\nCalifornia, \u00abSCORE Intenational\u00bb llevar\u00e1 a cabo tres carreras fuera\nde carreteras previamente programadas en Ensenada.<\/p>\n\n\n\n<p>Este\n2019 Ensenada ser\u00e1 anfitriona de la edici\u00f3n inaugural de la carrera\n\u00abLucerna SCORE Baja 400\u00bb prevista a llevarse a cabo del 18 al 22 de\nseptiembre y la cual vendr\u00e1 a sustituir a la carrera \u00abDesert\nChallenge\u00bb la cual en los \u00faltimos a\u00f1os se hab\u00eda realizado en Playas de\nRosarito y Tijuana.<\/p>\n\n\n\n<p>Debido\na que esta carrera determinar\u00e1 el orden de arranque de la pr\u00f3xima \u00abBaja\n1000\u00bb en noviembre, la \u00abLucerna SCORE Baja 400\u00bb est\u00e1 atrayendo a\ncorredores de varios pa\u00edses del Mundo as\u00ed como del estado y la Rep\u00fablica ya que\na escasos 10 d\u00edas de haberse abierto las inscripciones ya van mas de 40 equipos\ncompetidores registrados.<\/p>\n\n\n\n<p>La\nhist\u00f3rica tercer carrera de \u00abSCORE\u00bb fue programada de manera tal que\nEnsenada registrar\u00e1 una derrama econ\u00f3mica y ocupaci\u00f3n hotelera sin precedentes\npara un mes de Septiembre y adem\u00e1s contar\u00e1 con una ruta de 400 millas y la\nRevisi\u00f3n Mec\u00e1nica, Salida y Meta ser\u00e1 frente al Centro Cultural\n\u00abRiviera\u00bb.<\/p>\n","protected":false},"excerpt":{"rendered":"<div class=\"mh-excerpt\"><p>Ensenada celebrara tres carreras de \u00abScore\u00bb este a\u00f1o Por Primera vez en 45 a\u00f1os ENSENADA.- Por primera ocasi\u00f3n en m\u00e1s de 46 a\u00f1os de presencia <a class=\"mh-excerpt-more\" href=\"https:\/\/bcdeportes.com\/?p=17050\" title=\"Score Celebra por Primera vez en Ensenada Tres Carreras este A\u00f1o\">[&#8230;]<\/a><\/p>\n<\/div>","protected":false},"author":2,"featured_media":16220,"comment_status":"closed","ping_status":"closed","sticky":false,"template":"","format":"standard","meta":{"footnotes":""},"categories":[1],"tags":[],"class_list":["post-17050","post","type-post","status-publish","format-standard","has-post-thumbnail","hentry","category-uncategorized"],"_links":{"self":[{"href":"https:\/\/bcdeportes.com\/index.php?rest_route=\/wp\/v2\/posts\/17050","targetHints":{"allow":["GET"]}}],"collection":[{"href":"https:\/\/bcdeportes.com\/index.php?rest_route=\/wp\/v2\/posts"}],"about":[{"href":"https:\/\/bcdeportes.com\/index.php?rest_route=\/wp\/v2\/types\/post"}],"author":[{"embeddable":true,"href":"https:\/\/bcdeportes.com\/index.php?rest_route=\/wp\/v2\/users\/2"}],"replies":[{"embeddable":true,"href":"https:\/\/bcdeportes.com\/index.php?rest_route=%2Fwp%2Fv2%2Fcomments&post=17050"}],"version-history":[{"count":2,"href":"https:\/\/bcdeportes.com\/index.php?rest_route=\/wp\/v2\/posts\/17050\/revisions"}],"predecessor-version":[{"id":17052,"href":"https:\/\/bcdeportes.com\/index.php?rest_route=\/wp\/v2\/posts\/17050\/revisions\/17052"}],"wp:featuredmedia":[{"embeddable":true,"href":"https:\/\/bcdeportes.com\/index.php?rest_route=\/wp\/v2\/media\/16220"}],"wp:attachment":[{"href":"https:\/\/bcdeportes.com\/index.php?rest_route=%2Fwp%2Fv2%2Fmedia&parent=17050"}],"wp:term":[{"taxonomy":"category","embeddable":true,"href":"https:\/\/bcdeportes.com\/index.php?rest_route=%2Fwp%2Fv2%2Fcategories&post=17050"},{"taxonomy":"post_tag","embeddable":true,"href":"https:\/\/bcdeportes.com\/index.php?rest_route=%2Fwp%2Fv2%2Ftags&post=17050"}],"curies":[{"name":"wp","href":"https:\/\/api.w.org\/{rel}","templated":true}]}}