{"id":16598,"date":"2019-07-08T01:30:04","date_gmt":"2019-07-08T01:30:04","guid":{"rendered":"http:\/\/bcdeportes.com\/?p=16598"},"modified":"2019-07-08T01:30:04","modified_gmt":"2019-07-08T01:30:04","slug":"la-rural-federada-saca-division-ante-rosarito","status":"publish","type":"post","link":"https:\/\/bcdeportes.com\/?p=16598","title":{"rendered":"La Rural Federada Saca Divisi\u00f3n ante Rosarito"},"content":{"rendered":"\n<p>Gana\n2-1 el primero y pierde 5 por 3<\/p>\n\n\n\n<p>La\nRural Federada saca divisi\u00f3n ante Rosarito<\/p>\n\n\n\n<p>En\nel campo Ren\u00e9 Ortiz Campoy<br><\/p>\n\n\n\n<p>ENSENADA.-\nLa Rural Federada de Maneadero saco la divisi\u00f3n de honores en su visita al\ncampo Ren\u00e9 Ortiz Campoy ante los due\u00f1os del terreno el selectivo de Rosarito\nMunicipal, con pizarra de 2-1 ganando en el primero y cayendo 5-1 en el\nsegundo, al arranque de la segunda fase del estatal de beisbol de Primera\nFuerza de la AEBBC.<\/p>\n\n\n\n<p>Por\nla ma\u00f1ana los asistentes en las tribunas del campo Ren\u00e9 Ortiz disfrutaron de un\ngran duelo de pitcheo entre Edgardo \u201cGalo\u201d Le\u00f3n\u201d de los federados y Eduardo\n\u201cYayo\u201d Villalobos por Rosarito, siendo Le\u00f3n el que al final se llevo la\nvictoria.<\/p>\n\n\n\n<p>Los\nmunicipales de Rosarito abrieron la pizarra en la misma primera entrada y los\nfederados la empataron en la tercera, d\u00e1ndose el desenlace en la octava, cuando\nCesar Patr\u00f3n abri\u00f3 la tanda con imparable y ya con par de outs \u00c1lvaro Cruz Jr,\ndio imparable para mandar al plato a Patr\u00f3n con la carrera que al final le\ndiera el triunfo a los federados.<\/p>\n\n\n\n<p>El\ntrabajo del Galo Le\u00f3n fue de 8 imparables a cambio de 9 chocolates para\nadjudicarse la victoria, en tanto que el Yayo Villalobos trabajo para 6 hits, 4\nponches y 1 pasaporte.<\/p>\n\n\n\n<p>Por\nla tarde la Municipal de Rosarito se impuso al son de 5 carreras por 1 a la\nRural Federada para que se diera una divisi\u00f3n de honores.\n\nLa pr\u00f3xima semana la Rural Federada de Maneadero estar\u00e1 recibiendo en su\ncampo Juan Melgoza de San Carlos a la Municipal de Tijuana y Rosarito estar\u00e1\nvisitando a Playas de Tijuana\n\n\n\n<\/p>\n","protected":false},"excerpt":{"rendered":"<div class=\"mh-excerpt\"><p>Gana 2-1 el primero y pierde 5 por 3 La Rural Federada saca divisi\u00f3n ante Rosarito En el campo Ren\u00e9 Ortiz Campoy ENSENADA.- La Rural <a class=\"mh-excerpt-more\" href=\"https:\/\/bcdeportes.com\/?p=16598\" title=\"La Rural Federada Saca Divisi\u00f3n ante Rosarito\">[&#8230;]<\/a><\/p>\n<\/div>","protected":false},"author":2,"featured_media":16599,"comment_status":"closed","ping_status":"closed","sticky":false,"template":"","format":"standard","meta":{"footnotes":""},"categories":[2],"tags":[],"class_list":["post-16598","post","type-post","status-publish","format-standard","has-post-thumbnail","hentry","category-beisbol"],"_links":{"self":[{"href":"https:\/\/bcdeportes.com\/index.php?rest_route=\/wp\/v2\/posts\/16598","targetHints":{"allow":["GET"]}}],"collection":[{"href":"https:\/\/bcdeportes.com\/index.php?rest_route=\/wp\/v2\/posts"}],"about":[{"href":"https:\/\/bcdeportes.com\/index.php?rest_route=\/wp\/v2\/types\/post"}],"author":[{"embeddable":true,"href":"https:\/\/bcdeportes.com\/index.php?rest_route=\/wp\/v2\/users\/2"}],"replies":[{"embeddable":true,"href":"https:\/\/bcdeportes.com\/index.php?rest_route=%2Fwp%2Fv2%2Fcomments&post=16598"}],"version-history":[{"count":1,"href":"https:\/\/bcdeportes.com\/index.php?rest_route=\/wp\/v2\/posts\/16598\/revisions"}],"predecessor-version":[{"id":16600,"href":"https:\/\/bcdeportes.com\/index.php?rest_route=\/wp\/v2\/posts\/16598\/revisions\/16600"}],"wp:featuredmedia":[{"embeddable":true,"href":"https:\/\/bcdeportes.com\/index.php?rest_route=\/wp\/v2\/media\/16599"}],"wp:attachment":[{"href":"https:\/\/bcdeportes.com\/index.php?rest_route=%2Fwp%2Fv2%2Fmedia&parent=16598"}],"wp:term":[{"taxonomy":"category","embeddable":true,"href":"https:\/\/bcdeportes.com\/index.php?rest_route=%2Fwp%2Fv2%2Fcategories&post=16598"},{"taxonomy":"post_tag","embeddable":true,"href":"https:\/\/bcdeportes.com\/index.php?rest_route=%2Fwp%2Fv2%2Ftags&post=16598"}],"curies":[{"name":"wp","href":"https:\/\/api.w.org\/{rel}","templated":true}]}}