{"id":16557,"date":"2019-07-05T19:20:15","date_gmt":"2019-07-05T19:20:15","guid":{"rendered":"http:\/\/bcdeportes.com\/?p=16557"},"modified":"2019-07-05T19:20:16","modified_gmt":"2019-07-05T19:20:16","slug":"el-club-tijuana-incorpora-a-vladimir-lorona","status":"publish","type":"post","link":"https:\/\/bcdeportes.com\/?p=16557","title":{"rendered":"EL CLUB TIJUANA INCORPORA A VLADIMIR LORO\u00d1A"},"content":{"rendered":"\n<p>\nEL CLUB TIJUANA INCORPORA A VLADIMIR LORO\u00d1A<br><br>\nEl defensa proviene de jugar con el Puebla FC<br><br>\nTijuana, Baja California, 5 de Julio de 2019._ El Club Tijuana <br>\nXoloitzcuintles de Caliente incorpor\u00f3 a sus filas al defensa mexicano <br>\nVladimir Eduardo Loro\u00f1a Aguilar, como refuerzo Rojinegro a partir del <br>\nTorneo Apertura 2019 de la LIGA MX. El zaguero proviene de jugar con el <br>\nPuebla FC.<br><br>\nSurgido del equipo de Tercera Divisi\u00f3n H\u00e9roes de Caborca en 2013, el <br>\nnativo del Estado de Sonora fich\u00f3 con el Puebla FC en 2015 para llevar <br>\nel proceso de Fuerzas B\u00e1sicas desde la categor\u00eda Sub17.<br><br>\nEl defensor de 20 a\u00f1os debut\u00f3 en la Primera Divisi\u00f3n del futbol <br>\nmexicano en el Torneo Apertura 2018, en un partido en el que La Franja <br>\nenfrent\u00f3 al Cruz Azul.\n\n<\/p>\n","protected":false},"excerpt":{"rendered":"<div class=\"mh-excerpt\"><p>EL CLUB TIJUANA INCORPORA A VLADIMIR LORO\u00d1A El defensa proviene de jugar con el Puebla FC Tijuana, Baja California, 5 de Julio de 2019._ El <a class=\"mh-excerpt-more\" href=\"https:\/\/bcdeportes.com\/?p=16557\" title=\"EL CLUB TIJUANA INCORPORA A VLADIMIR LORO\u00d1A\">[&#8230;]<\/a><\/p>\n<\/div>","protected":false},"author":2,"featured_media":16558,"comment_status":"closed","ping_status":"closed","sticky":false,"template":"","format":"standard","meta":{"footnotes":""},"categories":[3],"tags":[],"class_list":["post-16557","post","type-post","status-publish","format-standard","has-post-thumbnail","hentry","category-futbol"],"_links":{"self":[{"href":"https:\/\/bcdeportes.com\/index.php?rest_route=\/wp\/v2\/posts\/16557","targetHints":{"allow":["GET"]}}],"collection":[{"href":"https:\/\/bcdeportes.com\/index.php?rest_route=\/wp\/v2\/posts"}],"about":[{"href":"https:\/\/bcdeportes.com\/index.php?rest_route=\/wp\/v2\/types\/post"}],"author":[{"embeddable":true,"href":"https:\/\/bcdeportes.com\/index.php?rest_route=\/wp\/v2\/users\/2"}],"replies":[{"embeddable":true,"href":"https:\/\/bcdeportes.com\/index.php?rest_route=%2Fwp%2Fv2%2Fcomments&post=16557"}],"version-history":[{"count":1,"href":"https:\/\/bcdeportes.com\/index.php?rest_route=\/wp\/v2\/posts\/16557\/revisions"}],"predecessor-version":[{"id":16559,"href":"https:\/\/bcdeportes.com\/index.php?rest_route=\/wp\/v2\/posts\/16557\/revisions\/16559"}],"wp:featuredmedia":[{"embeddable":true,"href":"https:\/\/bcdeportes.com\/index.php?rest_route=\/wp\/v2\/media\/16558"}],"wp:attachment":[{"href":"https:\/\/bcdeportes.com\/index.php?rest_route=%2Fwp%2Fv2%2Fmedia&parent=16557"}],"wp:term":[{"taxonomy":"category","embeddable":true,"href":"https:\/\/bcdeportes.com\/index.php?rest_route=%2Fwp%2Fv2%2Fcategories&post=16557"},{"taxonomy":"post_tag","embeddable":true,"href":"https:\/\/bcdeportes.com\/index.php?rest_route=%2Fwp%2Fv2%2Ftags&post=16557"}],"curies":[{"name":"wp","href":"https:\/\/api.w.org\/{rel}","templated":true}]}}