{"id":16348,"date":"2019-06-18T04:15:36","date_gmt":"2019-06-18T04:15:36","guid":{"rendered":"http:\/\/bcdeportes.com\/?p=16348"},"modified":"2019-06-18T04:15:37","modified_gmt":"2019-06-18T04:15:37","slug":"baja-cierra-jornada-de-finales-de-gimnasio-con-5-oros-mas","status":"publish","type":"post","link":"https:\/\/bcdeportes.com\/?p=16348","title":{"rendered":"Baja Cierra Jornada de Finales de Gimnasio con 5 Oros M\u00e1s"},"content":{"rendered":"\n<p>\nMEXICALI, Baja \nCalifornia, 17 de junio de 2019.- Con cinco medallas oros, siete de \nplata y seis de bronce, se despidi\u00f3 la gimnasia art\u00edstica de Baja \nCalifornia, el pasado domingo de Olimpiada y Nacional Juvenil\n 2019.<\/p>\n\n\n\n<p>\nEn la segunda jornada\n de finales, realizada el pasado domingo en el Poliforum Benito Ju\u00e1rez, \nMario Rojas se convirti\u00f3 en la figura bajacaliforniana con tres medallas\n de oros, siendo una en barra fija con 12.000,\n aparato en el que Baja California tambi\u00e9n fue plata con Pavel Oceguera \ncon 11.900.<\/p>\n\n\n\n<p>\nLa mancuerna de Mario\n Rojas y Pavel Oceguera volvi\u00f3 a funcionar en salto de caballo, donde \nhicieron el 1-2 con 13.166 7 13.000 para llevarse el oro y la plata, \nrespectivamente,&nbsp;<\/p>\n\n\n\n<p>\nMario Rojas, en la \ncategor\u00eda 14-15 a\u00f1os, volvi\u00f3 a lo m\u00e1s alto del podium en barras \nparalelas con 12.366, una medalla de oro compartida con el yucateco \nCristian Ram\u00edrez; el bajacaliforniano Gilberto Garc\u00eda fue\n bronce con 11.433.<\/p>\n\n\n\n<p>\nEn barra fija 16-18 \na\u00f1os, Antonio Hern\u00e1ndez se agenci\u00f3 la medalla de oro con 12.408 y Jorge \nP\u00e9rez el bronce con 11.566; mientras que, en barras paralelas 112-13 \na\u00f1os, Baja California tambi\u00e9n celebr\u00f3 el oro\n de Kevin Correa con 12.133 y la plata con Jonathan Palafox.<\/p>\n\n\n\n<p>\nOtros medallistas \nfueron Natalia Escalera, bronce en piso; Hannia Echave y Sophia Ruiz, \nplata y bronce en viga; Karen Lozano, bronce en viga; Antonio Hern\u00e1ndez,\n plata en paralelas; Jonathan L\u00f3pez y Kevin Correa\n plata y bronce en salto de caballo.<\/p>\n","protected":false},"excerpt":{"rendered":"<div class=\"mh-excerpt\"><p>MEXICALI, Baja California, 17 de junio de 2019.- Con cinco medallas oros, siete de plata y seis de bronce, se despidi\u00f3 la gimnasia art\u00edstica de <a class=\"mh-excerpt-more\" href=\"https:\/\/bcdeportes.com\/?p=16348\" title=\"Baja Cierra Jornada de Finales de Gimnasio con 5 Oros M\u00e1s\">[&#8230;]<\/a><\/p>\n<\/div>","protected":false},"author":2,"featured_media":16349,"comment_status":"closed","ping_status":"closed","sticky":false,"template":"","format":"standard","meta":{"footnotes":""},"categories":[8],"tags":[],"class_list":["post-16348","post","type-post","status-publish","format-standard","has-post-thumbnail","hentry","category-inde"],"_links":{"self":[{"href":"https:\/\/bcdeportes.com\/index.php?rest_route=\/wp\/v2\/posts\/16348","targetHints":{"allow":["GET"]}}],"collection":[{"href":"https:\/\/bcdeportes.com\/index.php?rest_route=\/wp\/v2\/posts"}],"about":[{"href":"https:\/\/bcdeportes.com\/index.php?rest_route=\/wp\/v2\/types\/post"}],"author":[{"embeddable":true,"href":"https:\/\/bcdeportes.com\/index.php?rest_route=\/wp\/v2\/users\/2"}],"replies":[{"embeddable":true,"href":"https:\/\/bcdeportes.com\/index.php?rest_route=%2Fwp%2Fv2%2Fcomments&post=16348"}],"version-history":[{"count":1,"href":"https:\/\/bcdeportes.com\/index.php?rest_route=\/wp\/v2\/posts\/16348\/revisions"}],"predecessor-version":[{"id":16350,"href":"https:\/\/bcdeportes.com\/index.php?rest_route=\/wp\/v2\/posts\/16348\/revisions\/16350"}],"wp:featuredmedia":[{"embeddable":true,"href":"https:\/\/bcdeportes.com\/index.php?rest_route=\/wp\/v2\/media\/16349"}],"wp:attachment":[{"href":"https:\/\/bcdeportes.com\/index.php?rest_route=%2Fwp%2Fv2%2Fmedia&parent=16348"}],"wp:term":[{"taxonomy":"category","embeddable":true,"href":"https:\/\/bcdeportes.com\/index.php?rest_route=%2Fwp%2Fv2%2Fcategories&post=16348"},{"taxonomy":"post_tag","embeddable":true,"href":"https:\/\/bcdeportes.com\/index.php?rest_route=%2Fwp%2Fv2%2Ftags&post=16348"}],"curies":[{"name":"wp","href":"https:\/\/api.w.org\/{rel}","templated":true}]}}