{"id":161,"date":"2015-03-26T18:09:09","date_gmt":"2015-03-26T18:09:09","guid":{"rendered":"http:\/\/bcdeportes.com\/?p=161"},"modified":"2015-03-26T18:09:09","modified_gmt":"2015-03-26T18:09:09","slug":"inde-y-facultad-de-deportes-de-uabc-buscan-fortalecer-lazos-de-cooperacion","status":"publish","type":"post","link":"https:\/\/bcdeportes.com\/?p=161","title":{"rendered":"INDE Y FACULTAD DE DEPORTES DE UABC BUSCAN FORTALECER LAZOS DE COOPERACION"},"content":{"rendered":"<p align=\"center\"><span lang=\"ES\">INDE Y FACULTAD DE DEPORTES DE UABC BUSCAN FORTALECER LAZOS DE COOPERACION<\/span><\/p>\n<p><span lang=\"ES\">\u00a0<\/span><\/p>\n<p><span lang=\"ES\">TIJUANA, Baja California \u2013 El Instituto del Deporte y la Cultura F\u00edsica de Baja California y la Facultad de Deportes de la Universidad Aut\u00f3noma de Baja California sostuvieron una importante reuni\u00f3n de trabajo esta semana a fin de fortalecer los lazos de cooperaci\u00f3n entre ambas entidades.<\/span><\/p>\n<p><span lang=\"ES\">Para ello, autoridades de la UABC se dieron cita en el Centro de Alto Rendimiento, donde analizaron las propuestas y bases para la actualizaci\u00f3n del convenio de trabajo con el INDE, el cual contempla la realizaci\u00f3n de pr\u00e1cticas profesionales y servicio social para los estudiantes de la facultad.<\/span><\/p>\n<p><span lang=\"ES\">En la mesa de trabajo estuvo presente el nuevo Director de la Facultad de Deportes en el Estado, Emilio Emanuel Arrayales Mill\u00e1n, quien asisti\u00f3 acompa\u00f1ado de Cruz Iv\u00e1n Acosta Guti\u00e9rrez, Subdirector de la facultad en Ensenada; Samuel Nicol\u00e1s Rodr\u00edguez, de la Subdirecci\u00f3n de la Facultad en Mexicali y Ver\u00f3nica Rivera, subdirectora de la Facultad en Tijuana, as\u00ed como Miguel \u00c1ngel Aispuro, coordinador de actividad f\u00edsica y deportes de la m\u00e1xima casa de estudios.<\/span><\/p>\n<p><span lang=\"ES\">Por parte del INDE estuvo presente su Director General, Sa\u00fal Castro Verdugo, al igual que el Director de Alto Nivel de Competencia, C\u00e9sar Osuna Brambila; el Director de Desarrollo de Talentos, Francisco Javier Medina; el Director de Cultura F\u00edsica, Carlos King Ristori y el Director de Infraestructura, David Magos.<\/span><\/p>\n<p><span lang=\"ES\">La coordinaci\u00f3n en conjunto entre la universidad y el instituto fue otro de los temas tratados, sobretodo al estar ya la Universiada Nacional en puerta. Para dicho evento, se contar\u00e1 con la participaci\u00f3n de 140 estudiantes-atletas que competir\u00e1n en la justa a desarrollarse en Monterrey, Nuevo Le\u00f3n.<\/span><\/p>\n<p><span lang=\"ES\">La promoci\u00f3n de la cultura f\u00edsica y tambi\u00e9n el trabajo conjunto, al contar con varios integrantes del programa de talentos o deportistas forjados en el mismo que actualmente representan tanto al estado como a la universidad en diferentes competencias, son parte de los acuerdos a seguir a trav\u00e9s de esta que fue la primera reuni\u00f3n de coordinaci\u00f3n.<\/span><\/p>\n<p><span lang=\"ES\">Tambi\u00e9n, se busca que el CAR y las instalaciones deportivas sirvan como escenarios para que los egresados de la carrera de Deportes puedan desempe\u00f1arse en el terreno profesional como parte de su especializaci\u00f3n y aplicaci\u00f3n de sus conocimientos, partiendo del aula al campo pr\u00e1ctico.<\/span><\/p>\n<p><span lang=\"ES\">Durante la reuni\u00f3n los representantes de la UABC pudieron seguir de cerca la manera en la que trabajan los programas del INDE, al ser proyectados los diferentes videos promocionales, as\u00ed como las campa\u00f1as de acercamiento a la comunidad como el programa \u201cActi Bc\u201d, as\u00ed como la creaci\u00f3n de espacios activos, enfocados en la poblaci\u00f3n del estado.<\/span><\/p>\n","protected":false},"excerpt":{"rendered":"<div class=\"mh-excerpt\"><p>INDE Y FACULTAD DE DEPORTES DE UABC BUSCAN FORTALECER LAZOS DE COOPERACION \u00a0 TIJUANA, Baja California \u2013 El Instituto del Deporte y la Cultura F\u00edsica <a class=\"mh-excerpt-more\" href=\"https:\/\/bcdeportes.com\/?p=161\" title=\"INDE Y FACULTAD DE DEPORTES DE UABC BUSCAN FORTALECER LAZOS DE COOPERACION\">[&#8230;]<\/a><\/p>\n<\/div>","protected":false},"author":2,"featured_media":0,"comment_status":"open","ping_status":"open","sticky":false,"template":"","format":"standard","meta":{"footnotes":""},"categories":[8],"tags":[],"class_list":["post-161","post","type-post","status-publish","format-standard","hentry","category-inde"],"_links":{"self":[{"href":"https:\/\/bcdeportes.com\/index.php?rest_route=\/wp\/v2\/posts\/161","targetHints":{"allow":["GET"]}}],"collection":[{"href":"https:\/\/bcdeportes.com\/index.php?rest_route=\/wp\/v2\/posts"}],"about":[{"href":"https:\/\/bcdeportes.com\/index.php?rest_route=\/wp\/v2\/types\/post"}],"author":[{"embeddable":true,"href":"https:\/\/bcdeportes.com\/index.php?rest_route=\/wp\/v2\/users\/2"}],"replies":[{"embeddable":true,"href":"https:\/\/bcdeportes.com\/index.php?rest_route=%2Fwp%2Fv2%2Fcomments&post=161"}],"version-history":[{"count":1,"href":"https:\/\/bcdeportes.com\/index.php?rest_route=\/wp\/v2\/posts\/161\/revisions"}],"predecessor-version":[{"id":163,"href":"https:\/\/bcdeportes.com\/index.php?rest_route=\/wp\/v2\/posts\/161\/revisions\/163"}],"wp:attachment":[{"href":"https:\/\/bcdeportes.com\/index.php?rest_route=%2Fwp%2Fv2%2Fmedia&parent=161"}],"wp:term":[{"taxonomy":"category","embeddable":true,"href":"https:\/\/bcdeportes.com\/index.php?rest_route=%2Fwp%2Fv2%2Fcategories&post=161"},{"taxonomy":"post_tag","embeddable":true,"href":"https:\/\/bcdeportes.com\/index.php?rest_route=%2Fwp%2Fv2%2Ftags&post=161"}],"curies":[{"name":"wp","href":"https:\/\/api.w.org\/{rel}","templated":true}]}}