{"id":1534,"date":"2015-07-08T07:04:12","date_gmt":"2015-07-08T07:04:12","guid":{"rendered":"http:\/\/bcdeportes.com\/?p=1534"},"modified":"2015-07-08T07:04:12","modified_gmt":"2015-07-08T07:04:12","slug":"alfredo-peralta-llega-a-dirigir-a-marineros","status":"publish","type":"post","link":"https:\/\/bcdeportes.com\/?p=1534","title":{"rendered":"Alfredo Peralta Llega a Dirigir a Marineros"},"content":{"rendered":"<p>LLEGA AL TIMON MARINERO UN ENSENADENSE<\/p>\n<p>Alfredo Peralte a Dirigir el Buque<br \/>\nEnsenada, BC \/Prensa\/ Con novedades es como se presenta el barco de Marineros, para el cierre del rol regular que se antoja de final de pel\u00edcula, donde los hombres de mar buscan contra viento y marea uno de los boletos para la gran fiesta de los playoffs.<br \/>\nAhora la dirigencia anuncia cambio en el tim\u00f3n, con la llegada de un ensenadense, el ex pelotero profesional, Amado Peralta N\u00fa\u00f1ez quien desde la serie contra Tiburones de Puerto Pe\u00f1asco se pondr\u00e1 al frente de la embarcaci\u00f3n, tras la salida de Roberto Carlos M\u00e9ndez.<br \/>\n\u201cSon movimientos que se dan, dentro del mismo b\u00e9isbol, ahora damos esta responsabilidad a un orgullo ensenadense, como lo es Amado Peralta quien se distingui\u00f3, a lo largo de su trayectoria como pelotero activo y que ha venido desarrollando su faceta dentro del cuerpo t\u00e9cnico y ahora confiamos que la embarcaci\u00f3n tomara el rumbo indicado, pues bien dicen que si el plan no funciona, debes de cambiarlo no as\u00ed, la meta debe ser la misma, obtener el boleto a la siguiente ronda\u201d comento el Gerente General  Jos\u00e9 \u00c1guila.<br \/>\nMarineros se medir\u00e1 a los Escualos a partir del Mi\u00e9rcoles y para el Jueves en doble cartelera a partir de las cinco de la tarde, por lo que se pide el apoyo de esta gran y noble afici\u00f3n, que se hagan presentes en el Deportivo Antonio Palacios y juntos conformemos un puerto seguro en busca de las victorias necesarias.<\/p>\n","protected":false},"excerpt":{"rendered":"<div class=\"mh-excerpt\"><p>LLEGA AL TIMON MARINERO UN ENSENADENSE Alfredo Peralte a Dirigir el Buque Ensenada, BC \/Prensa\/ Con novedades es como se presenta el barco de Marineros, <a class=\"mh-excerpt-more\" href=\"https:\/\/bcdeportes.com\/?p=1534\" title=\"Alfredo Peralta Llega a Dirigir a Marineros\">[&#8230;]<\/a><\/p>\n<\/div>","protected":false},"author":2,"featured_media":1535,"comment_status":"open","ping_status":"open","sticky":false,"template":"","format":"standard","meta":{"footnotes":""},"categories":[2],"tags":[],"class_list":["post-1534","post","type-post","status-publish","format-standard","has-post-thumbnail","hentry","category-beisbol"],"_links":{"self":[{"href":"https:\/\/bcdeportes.com\/index.php?rest_route=\/wp\/v2\/posts\/1534","targetHints":{"allow":["GET"]}}],"collection":[{"href":"https:\/\/bcdeportes.com\/index.php?rest_route=\/wp\/v2\/posts"}],"about":[{"href":"https:\/\/bcdeportes.com\/index.php?rest_route=\/wp\/v2\/types\/post"}],"author":[{"embeddable":true,"href":"https:\/\/bcdeportes.com\/index.php?rest_route=\/wp\/v2\/users\/2"}],"replies":[{"embeddable":true,"href":"https:\/\/bcdeportes.com\/index.php?rest_route=%2Fwp%2Fv2%2Fcomments&post=1534"}],"version-history":[{"count":1,"href":"https:\/\/bcdeportes.com\/index.php?rest_route=\/wp\/v2\/posts\/1534\/revisions"}],"predecessor-version":[{"id":1536,"href":"https:\/\/bcdeportes.com\/index.php?rest_route=\/wp\/v2\/posts\/1534\/revisions\/1536"}],"wp:featuredmedia":[{"embeddable":true,"href":"https:\/\/bcdeportes.com\/index.php?rest_route=\/wp\/v2\/media\/1535"}],"wp:attachment":[{"href":"https:\/\/bcdeportes.com\/index.php?rest_route=%2Fwp%2Fv2%2Fmedia&parent=1534"}],"wp:term":[{"taxonomy":"category","embeddable":true,"href":"https:\/\/bcdeportes.com\/index.php?rest_route=%2Fwp%2Fv2%2Fcategories&post=1534"},{"taxonomy":"post_tag","embeddable":true,"href":"https:\/\/bcdeportes.com\/index.php?rest_route=%2Fwp%2Fv2%2Ftags&post=1534"}],"curies":[{"name":"wp","href":"https:\/\/api.w.org\/{rel}","templated":true}]}}