{"id":15009,"date":"2019-02-28T23:01:31","date_gmt":"2019-02-28T23:01:31","guid":{"rendered":"http:\/\/bcdeportes.com\/?p=15009"},"modified":"2019-02-28T23:01:32","modified_gmt":"2019-02-28T23:01:32","slug":"todo-listo-para-congreso-estatal-del-deporte-federado","status":"publish","type":"post","link":"https:\/\/bcdeportes.com\/?p=15009","title":{"rendered":"TODO LISTO PARA CONGRESO ESTATAL DEL DEPORTE FEDERADO"},"content":{"rendered":"\n<p>\nTODO LISTO PARA CONGRESO ESTATAL DEL DEPORTE FEDERADO<\/p>\n\n\n\n<p>\nMEXICALI, Baja \nCalifornia, 28 de febrero de 2019.- El Instituto del Deporte y la \nCultura F\u00edsica (INDE), de Baja California, llevar\u00e1 a cabo este s\u00e1bado el\n Congreso Estatal del Deporte Federado 2019, en la sala\n Gustavo Vildosola en Cetys Universidad, Campus Mexicali, con m\u00e1s de 50 \nasociaciones deportivas.<\/p>\n\n\n\n<p>\nDe acuerdo al \nprograma del INDE, que preside Sa\u00fal Castro Verdugo, las actividades \niniciar\u00e1n a las 09:30 horas, con el registro de delegados y recepci\u00f3n de\n documentos, para dar paso a la presentaci\u00f3n de autoridades\n e invitados de honor y, tras la palabras de bienvenida, el profesor \nC\u00e9sar Osuna har\u00e1 la exposici\u00f3n de motivos.<\/p>\n\n\n\n<p>\nLuego del mensaje del\n Coordinador de Proyectos Especiales del INDE, se instalar\u00e1 la Asamblea,\n el coordinado del Congreso Estatal del Deporte Federado, Miguel Gerardo\n (responsable del Deporte Asociado), enviar\u00e1\n un mensaje en cumplimiento de acuerdos 2018.<\/p>\n\n\n\n<p>\nA partir de las 10:45\n horas, iniciar\u00e1 la primera ponencia a cargo del maestro Emilio Manuel \nArrayales Mill\u00e1n, Director de la Facultad de Deportes, con el tema \n\u201cCaptura de Movimiento con Tecnolog\u00eda Bicon Amtu\n Delsys\u201d.<\/p>\n\n\n\n<p>\nEl tema \u201cProcesos \nSelectivos de Olimpiada Nacional y Nacional Juvenil 2019\u201d ser\u00e1 \ndesarrollado por Esteban Hern\u00e1ndez, de Desarrollo del Deporte del INDE, a\n las 11:30 horas; el contador p\u00fablico Carlos Cota, Presidente\n del Club Soles de Mexicali, estar\u00e1 con el tema \u201cComercializar el \nDeporte\u201d, desde las 12:15 horas.<\/p>\n\n\n\n<p>\nUna cuarta ponencia \nestar\u00e1 a cargo del director de Alto Nivel de Competencia y Cultura \nF\u00edsica del INDE, David Alonso Lugo Castro, con el tema\u201dGesti\u00f3n de la \nInnovaci\u00f3n y Liderazgo en Organizaciones Deportivas\u201d,\n a partir de las 13:10 horas.<\/p>\n\n\n\n<p>\nLuego de las \nponencias, el INDE entregar\u00e1 el \u201cPremio Asociado 2019\u201d, previo a la \nclausura del Congreso Estatal del Deporte Federado y la entrega de \nchamarras. as\u00ed como la foto oficial.<\/p>\n","protected":false},"excerpt":{"rendered":"<div class=\"mh-excerpt\"><p>TODO LISTO PARA CONGRESO ESTATAL DEL DEPORTE FEDERADO MEXICALI, Baja California, 28 de febrero de 2019.- El Instituto del Deporte y la Cultura F\u00edsica (INDE), <a class=\"mh-excerpt-more\" href=\"https:\/\/bcdeportes.com\/?p=15009\" title=\"TODO LISTO PARA CONGRESO ESTATAL DEL DEPORTE FEDERADO\">[&#8230;]<\/a><\/p>\n<\/div>","protected":false},"author":2,"featured_media":15010,"comment_status":"closed","ping_status":"closed","sticky":false,"template":"","format":"standard","meta":{"footnotes":""},"categories":[8],"tags":[],"class_list":["post-15009","post","type-post","status-publish","format-standard","has-post-thumbnail","hentry","category-inde"],"_links":{"self":[{"href":"https:\/\/bcdeportes.com\/index.php?rest_route=\/wp\/v2\/posts\/15009","targetHints":{"allow":["GET"]}}],"collection":[{"href":"https:\/\/bcdeportes.com\/index.php?rest_route=\/wp\/v2\/posts"}],"about":[{"href":"https:\/\/bcdeportes.com\/index.php?rest_route=\/wp\/v2\/types\/post"}],"author":[{"embeddable":true,"href":"https:\/\/bcdeportes.com\/index.php?rest_route=\/wp\/v2\/users\/2"}],"replies":[{"embeddable":true,"href":"https:\/\/bcdeportes.com\/index.php?rest_route=%2Fwp%2Fv2%2Fcomments&post=15009"}],"version-history":[{"count":1,"href":"https:\/\/bcdeportes.com\/index.php?rest_route=\/wp\/v2\/posts\/15009\/revisions"}],"predecessor-version":[{"id":15011,"href":"https:\/\/bcdeportes.com\/index.php?rest_route=\/wp\/v2\/posts\/15009\/revisions\/15011"}],"wp:featuredmedia":[{"embeddable":true,"href":"https:\/\/bcdeportes.com\/index.php?rest_route=\/wp\/v2\/media\/15010"}],"wp:attachment":[{"href":"https:\/\/bcdeportes.com\/index.php?rest_route=%2Fwp%2Fv2%2Fmedia&parent=15009"}],"wp:term":[{"taxonomy":"category","embeddable":true,"href":"https:\/\/bcdeportes.com\/index.php?rest_route=%2Fwp%2Fv2%2Fcategories&post=15009"},{"taxonomy":"post_tag","embeddable":true,"href":"https:\/\/bcdeportes.com\/index.php?rest_route=%2Fwp%2Fv2%2Ftags&post=15009"}],"curies":[{"name":"wp","href":"https:\/\/api.w.org\/{rel}","templated":true}]}}