{"id":14969,"date":"2019-02-26T00:29:12","date_gmt":"2019-02-26T00:29:12","guid":{"rendered":"http:\/\/bcdeportes.com\/?p=14969"},"modified":"2019-02-26T00:29:12","modified_gmt":"2019-02-26T00:29:12","slug":"taekwondoinas-souza-y-felix-consiguen-pase-mundialista","status":"publish","type":"post","link":"https:\/\/bcdeportes.com\/?p=14969","title":{"rendered":"TAEKWONDOINAS SOUZA Y FELIX CONSIGUEN PASE MUNDIALISTA"},"content":{"rendered":"\n<p>\nTAEKWONDOINAS SOUZA Y FELIX CONSIGUEN PASE MUNDIALISTA&nbsp;\n<br>\n\n\nCIUDAD DE M\u00c9XICO &#8211; La taekwondoina bajacaliforniana Daniela Souza \nobtuvo un lugar dentro de la selecci\u00f3n mexicana que asistir\u00e1 al \nCampeonato del Mundo en Manchester, Inglaterra, luego de su \nparticipaci\u00f3n en el selectivo que tuvo lugar recientemente en\nla Ciudad de M\u00e9xico.\nJunto con Souza, campeona en Juegos Centroamericanos y del Caribe \nde Barranquilla 2018, destaca en esta selecci\u00f3n la tambi\u00e9n peninsular \nAnel Felix, medallista de plata centrocaribe\u00f1a y quien tambi\u00e9n gan\u00f3 oro \nen el selectivo nacional celebrado en la capital\ndel pa\u00eds.\nEn el selectivo que tuvo lugar en el gimnasio ol\u00edmpico Juan de la \nBarrera, tambi\u00e9n particip\u00f3 la medallista de los Juegos Ol\u00edmpicos de la \nJuventud, Leslie Soltero, quien culmin\u00f3 en tercer lugar.&nbsp;\nCon igual resultado termin\u00f3 Alfonso M\u00e1rquez Garc\u00eda para registrar \nla cuarta medalla de la delegaci\u00f3n bajacaliforniana que compiti\u00f3 en este\n torneo Selectivo Nacional de Cintas Negras.\nSouza, se adjudic\u00f3 el boleto al Mundial, en la categor\u00eda de -49 Kg,\n tras ganar 14-5 a Ir\u00e1n Alexandra D\u00edaz, de Chihuahua. Anel F\u00e9lix, de \nBaja California, se qued\u00f3 con el pase al derrotar 5-0 a la potosina \nMelissa Oviedo.\nEl equipo de taekwondo se preparar\u00e1 para su siguiente compromiso \ninternacional del a\u00f1o, el Clasificatorio Internacional a Juegos \nPanamericanos Lima 2019, que se realizar\u00e1 a principios de marzo, en \nRep\u00fablica Dominicana.\n\n<\/p>\n","protected":false},"excerpt":{"rendered":"<div class=\"mh-excerpt\"><p>TAEKWONDOINAS SOUZA Y FELIX CONSIGUEN PASE MUNDIALISTA&nbsp; CIUDAD DE M\u00c9XICO &#8211; La taekwondoina bajacaliforniana Daniela Souza obtuvo un lugar dentro de la selecci\u00f3n mexicana que <a class=\"mh-excerpt-more\" href=\"https:\/\/bcdeportes.com\/?p=14969\" title=\"TAEKWONDOINAS SOUZA Y FELIX CONSIGUEN PASE MUNDIALISTA\">[&#8230;]<\/a><\/p>\n<\/div>","protected":false},"author":2,"featured_media":14970,"comment_status":"closed","ping_status":"closed","sticky":false,"template":"","format":"standard","meta":{"footnotes":""},"categories":[8],"tags":[],"class_list":["post-14969","post","type-post","status-publish","format-standard","has-post-thumbnail","hentry","category-inde"],"_links":{"self":[{"href":"https:\/\/bcdeportes.com\/index.php?rest_route=\/wp\/v2\/posts\/14969","targetHints":{"allow":["GET"]}}],"collection":[{"href":"https:\/\/bcdeportes.com\/index.php?rest_route=\/wp\/v2\/posts"}],"about":[{"href":"https:\/\/bcdeportes.com\/index.php?rest_route=\/wp\/v2\/types\/post"}],"author":[{"embeddable":true,"href":"https:\/\/bcdeportes.com\/index.php?rest_route=\/wp\/v2\/users\/2"}],"replies":[{"embeddable":true,"href":"https:\/\/bcdeportes.com\/index.php?rest_route=%2Fwp%2Fv2%2Fcomments&post=14969"}],"version-history":[{"count":1,"href":"https:\/\/bcdeportes.com\/index.php?rest_route=\/wp\/v2\/posts\/14969\/revisions"}],"predecessor-version":[{"id":14971,"href":"https:\/\/bcdeportes.com\/index.php?rest_route=\/wp\/v2\/posts\/14969\/revisions\/14971"}],"wp:featuredmedia":[{"embeddable":true,"href":"https:\/\/bcdeportes.com\/index.php?rest_route=\/wp\/v2\/media\/14970"}],"wp:attachment":[{"href":"https:\/\/bcdeportes.com\/index.php?rest_route=%2Fwp%2Fv2%2Fmedia&parent=14969"}],"wp:term":[{"taxonomy":"category","embeddable":true,"href":"https:\/\/bcdeportes.com\/index.php?rest_route=%2Fwp%2Fv2%2Fcategories&post=14969"},{"taxonomy":"post_tag","embeddable":true,"href":"https:\/\/bcdeportes.com\/index.php?rest_route=%2Fwp%2Fv2%2Ftags&post=14969"}],"curies":[{"name":"wp","href":"https:\/\/api.w.org\/{rel}","templated":true}]}}