{"id":11861,"date":"2018-05-10T23:53:10","date_gmt":"2018-05-10T23:53:10","guid":{"rendered":"http:\/\/bcdeportes.com\/?p=11861"},"modified":"2018-05-10T23:53:10","modified_gmt":"2018-05-10T23:53:10","slug":"alexis-remara-en-copa-del-mundo-en-serbia","status":"publish","type":"post","link":"https:\/\/bcdeportes.com\/?p=11861","title":{"rendered":"ALEXIS REMAR\u00c1 EN COPA DEL MUNDO EN SERBIA"},"content":{"rendered":"<p>ALEXIS REMAR\u00c1 EN COPA DEL MUNDO EN SERBIA<\/p>\n<p>MEXICALI, Baja California, 10 de mayo de 2018.- Como parte de su preparaci\u00f3n hacia Barranquilla 2018, el remero de Baja California, Alexis L\u00f3pez, viaj\u00f3 este jueves a la Ciudad de M\u00e9xico, donde har\u00e1 campamento rumbo a la Copa del Mundo en Serbia.<\/p>\n<p>Luego de ser testigo del Abanderamiento de la delegaci\u00f3n de Baja California, hacia Olimpiada y Nacional Juvenil, Alexis se traslad\u00f3 a la capital del pa\u00eds donde entrenar\u00e1 en la pista ol\u00edmpica Virgilio Uribe, en Cuemanco.<\/p>\n<p>Alexis L\u00f3pez, subcampe\u00f3n del mundo Sub 23 y campe\u00f3n mundial bajo techo, se\u00f1al\u00f3 que mientras sus compa\u00f1eros hacen campamento en Villa Victoria, Estado de M\u00e9xico, el lo har\u00e1 en la capital del pa\u00eds, al lado de Alan Armenta, su pareja en el doble par ligero, ganador del oro en Juegos Panamericano de Toronto 2015.<\/p>\n<p>Antes de llegar a Juegos Centroamericanos y del Caribe Barranquilla 2018, el sanfelipense competir\u00e1 en la regata del Club Espa\u00f1a, programa para el 20 y 21 de mayo por los rumbos de Xochimilco; y el 26 de mayo viajar\u00e1 a Europa, donde competir\u00e1 en la Copa del Mundo en Serbia, entre el 1 y 3 de junio.<\/p>\n","protected":false},"excerpt":{"rendered":"<div class=\"mh-excerpt\"><p>ALEXIS REMAR\u00c1 EN COPA DEL MUNDO EN SERBIA MEXICALI, Baja California, 10 de mayo de 2018.- Como parte de su preparaci\u00f3n hacia Barranquilla 2018, el <a class=\"mh-excerpt-more\" href=\"https:\/\/bcdeportes.com\/?p=11861\" title=\"ALEXIS REMAR\u00c1 EN COPA DEL MUNDO EN SERBIA\">[&#8230;]<\/a><\/p>\n<\/div>","protected":false},"author":2,"featured_media":11862,"comment_status":"closed","ping_status":"closed","sticky":false,"template":"","format":"standard","meta":{"footnotes":""},"categories":[8],"tags":[],"class_list":["post-11861","post","type-post","status-publish","format-standard","has-post-thumbnail","hentry","category-inde"],"_links":{"self":[{"href":"https:\/\/bcdeportes.com\/index.php?rest_route=\/wp\/v2\/posts\/11861","targetHints":{"allow":["GET"]}}],"collection":[{"href":"https:\/\/bcdeportes.com\/index.php?rest_route=\/wp\/v2\/posts"}],"about":[{"href":"https:\/\/bcdeportes.com\/index.php?rest_route=\/wp\/v2\/types\/post"}],"author":[{"embeddable":true,"href":"https:\/\/bcdeportes.com\/index.php?rest_route=\/wp\/v2\/users\/2"}],"replies":[{"embeddable":true,"href":"https:\/\/bcdeportes.com\/index.php?rest_route=%2Fwp%2Fv2%2Fcomments&post=11861"}],"version-history":[{"count":1,"href":"https:\/\/bcdeportes.com\/index.php?rest_route=\/wp\/v2\/posts\/11861\/revisions"}],"predecessor-version":[{"id":11863,"href":"https:\/\/bcdeportes.com\/index.php?rest_route=\/wp\/v2\/posts\/11861\/revisions\/11863"}],"wp:featuredmedia":[{"embeddable":true,"href":"https:\/\/bcdeportes.com\/index.php?rest_route=\/wp\/v2\/media\/11862"}],"wp:attachment":[{"href":"https:\/\/bcdeportes.com\/index.php?rest_route=%2Fwp%2Fv2%2Fmedia&parent=11861"}],"wp:term":[{"taxonomy":"category","embeddable":true,"href":"https:\/\/bcdeportes.com\/index.php?rest_route=%2Fwp%2Fv2%2Fcategories&post=11861"},{"taxonomy":"post_tag","embeddable":true,"href":"https:\/\/bcdeportes.com\/index.php?rest_route=%2Fwp%2Fv2%2Ftags&post=11861"}],"curies":[{"name":"wp","href":"https:\/\/api.w.org\/{rel}","templated":true}]}}