{"id":11836,"date":"2018-05-08T22:09:52","date_gmt":"2018-05-08T22:09:52","guid":{"rendered":"http:\/\/bcdeportes.com\/?p=11836"},"modified":"2018-05-08T22:09:52","modified_gmt":"2018-05-08T22:09:52","slug":"alista-seleccion-el-beisbol-de-el-sauzal","status":"publish","type":"post","link":"https:\/\/bcdeportes.com\/?p=11836","title":{"rendered":"Alista Selecci\u00f3n el Beisbol de El Sauzal"},"content":{"rendered":"<p>Para el estatal de 1era. Fuerza de la AEBBC<\/p>\n<p>Alista selecci\u00f3n el beisbol de El Sauzal<\/p>\n<p>Ser\u00e1n dirigidos por Martin Ojeda<\/p>\n<p>EL SAUZAL.- La Liga Rural de beisbol de El Sauzal de Rodr\u00edguez convoco a sus peloteros para integrar la pre selecci\u00f3n de donde saldr\u00e1n los que los representen en el campeonato estatal de Primera Fuerza que arranca este 20 de mayo contando con el aval de la Asociaci\u00f3n Estatal de Beisbol de Baja California.<br \/>\nFrancisco Grajeda, dirigente del beisbol de El Sauzal, se\u00f1alo que se hizo tambi\u00e9n una lista de peloteros de reserva los cuales podr\u00edan ser tomados en cuenta en cualquier fase del estatal, as\u00ed como anunci\u00f3 que el cuerpo t\u00e9cnico estar\u00e1 integrado por Martin Ojeda Alba\u00f1ez, H\u00e9ctor Alejandro Robles Peralta, Jos\u00e9 Manuel L\u00f3pez Estrada, Julio Cesar Guti\u00e9rrez Meza, Armando Cota Garc\u00eda y Margot Sainz R.<br \/>\nPre Selecci\u00f3n Primera Fuerza 2018<br \/>\nJes\u00fas Castellanos Ruiz, Josu\u00e9 Eduardo Gonz\u00e1lez Jacinto, Juan Jos\u00e9 De La Cruz Patr\u00f3n, V\u00edctor Alejandro Robles Hern\u00e1ndez, Jaime Ram\u00f3n Aguayo \u00c1lvarez, Enrique Alejandro Vidal M\u00e1rquez, Miguel \u00c1ngel Ruiz Aguayo, Josu\u00e9 Marcelino Gayt\u00e1n Moreno, Jaime Alberto Quintero Arreola, H\u00e9ctor Iv\u00e1n Rodr\u00edguez Moreno, Francisco Javier Gonz\u00e1lez Prado, Omar Jim\u00e9nez Rousseau, Cesar Edgardo Acosta Garc\u00eda, Jes\u00fas Manuel L\u00f3pez Villa, Carlos Enrique Mart\u00ednez Morales, Carlos Posada Quintana, Josu\u00e9 De La Toba L., Alejandro Posada Quintana, Miguel \u00c1ngel Castillo Silva, Eliseo Ben\u00edtez Garc\u00eda, R. Alejandro Vidal M\u00e1rquez, Luis Adrian Rodr\u00edguez, Joel Montejano Velasco, Cesar Montejano Velasco, Jorge Genaro Rodr\u00edguez Viramontes, Daniel C\u00f3rdova Campos, Erick Murillo Roch\u00edn, Aldo Montejano Velasco, Francisco Acosta Rivera, Christian Antonio Herrera Hern\u00e1ndez, Orlando Aguilar Espinoza, \u00c1ngel Alfredo Enr\u00edquez Hurtado, Eduardo Antonio Toscano.<br \/>\nReservas<br \/>\nPablo Kim P., Jorge Arnulfo Carrillo Torres, Jorge Rolando Peralta Rodr\u00edguez, Marco Antonio S\u00e1nchez Dom\u00ednguez, Rafael Minjarez Gonz\u00e1lez, Jos\u00e9 Luis Flores Estrada, Jos\u00e9 Luis Morales Moreno, Jos\u00e9 G. Arellano, Iv\u00e1n Alberto Arellano Mart\u00ednez.<\/p>\n","protected":false},"excerpt":{"rendered":"<div class=\"mh-excerpt\"><p>Para el estatal de 1era. Fuerza de la AEBBC Alista selecci\u00f3n el beisbol de El Sauzal Ser\u00e1n dirigidos por Martin Ojeda EL SAUZAL.- La Liga <a class=\"mh-excerpt-more\" href=\"https:\/\/bcdeportes.com\/?p=11836\" title=\"Alista Selecci\u00f3n el Beisbol de El Sauzal\">[&#8230;]<\/a><\/p>\n<\/div>","protected":false},"author":2,"featured_media":11551,"comment_status":"closed","ping_status":"closed","sticky":false,"template":"","format":"standard","meta":{"footnotes":""},"categories":[2,12],"tags":[],"class_list":["post-11836","post","type-post","status-publish","format-standard","has-post-thumbnail","hentry","category-beisbol","category-ruralsauzal"],"_links":{"self":[{"href":"https:\/\/bcdeportes.com\/index.php?rest_route=\/wp\/v2\/posts\/11836","targetHints":{"allow":["GET"]}}],"collection":[{"href":"https:\/\/bcdeportes.com\/index.php?rest_route=\/wp\/v2\/posts"}],"about":[{"href":"https:\/\/bcdeportes.com\/index.php?rest_route=\/wp\/v2\/types\/post"}],"author":[{"embeddable":true,"href":"https:\/\/bcdeportes.com\/index.php?rest_route=\/wp\/v2\/users\/2"}],"replies":[{"embeddable":true,"href":"https:\/\/bcdeportes.com\/index.php?rest_route=%2Fwp%2Fv2%2Fcomments&post=11836"}],"version-history":[{"count":1,"href":"https:\/\/bcdeportes.com\/index.php?rest_route=\/wp\/v2\/posts\/11836\/revisions"}],"predecessor-version":[{"id":11837,"href":"https:\/\/bcdeportes.com\/index.php?rest_route=\/wp\/v2\/posts\/11836\/revisions\/11837"}],"wp:featuredmedia":[{"embeddable":true,"href":"https:\/\/bcdeportes.com\/index.php?rest_route=\/wp\/v2\/media\/11551"}],"wp:attachment":[{"href":"https:\/\/bcdeportes.com\/index.php?rest_route=%2Fwp%2Fv2%2Fmedia&parent=11836"}],"wp:term":[{"taxonomy":"category","embeddable":true,"href":"https:\/\/bcdeportes.com\/index.php?rest_route=%2Fwp%2Fv2%2Fcategories&post=11836"},{"taxonomy":"post_tag","embeddable":true,"href":"https:\/\/bcdeportes.com\/index.php?rest_route=%2Fwp%2Fv2%2Ftags&post=11836"}],"curies":[{"name":"wp","href":"https:\/\/api.w.org\/{rel}","templated":true}]}}