{"id":11786,"date":"2018-05-04T19:39:16","date_gmt":"2018-05-04T19:39:16","guid":{"rendered":"http:\/\/bcdeportes.com\/?p=11786"},"modified":"2018-05-04T19:39:16","modified_gmt":"2018-05-04T19:39:16","slug":"lista-la-seleccion-de-la-rural-federada","status":"publish","type":"post","link":"https:\/\/bcdeportes.com\/?p=11786","title":{"rendered":"Lista la Selecci\u00f3n de la Rural Federada"},"content":{"rendered":"<p>Para estatal de Primera Fuerza de la AEBBC<\/p>\n<p>Lista la Selecci\u00f3n de la Rural Federada<\/p>\n<p>Presenta plantel de 23 jugadores<\/p>\n<p>ENSENADA.- Con un plantel de 23 jugadores estar\u00e1 integrando su selecci\u00f3n Mayor la liga de beisbol Rural Federada de Maneadero con miras a su participaci\u00f3n en el campeonato estatal de beisbol de Primera Fuerza 2018, avalado por la Asociaci\u00f3n Estatal de Beisbol de Baja California.<br \/>\nEl seleccionado que participara en el campeonato estatal que se estar\u00e1 poniendo en marcha la \u00faltima semana del presente mes o primera de junio, estar\u00e1 a cargo de Jorge M\u00e1rquez, Ronaldo Melgoza y Martin Le\u00f3n.<br \/>\nLa directiva de la Rural Federada de Maneadero, presidida por Luis Carlos Pita Silva dio a conocer el roster de la selecci\u00f3n que los representara en el certamen estatal.<br \/>\nSelecci\u00f3n Rural Federada<br \/>\nRECEPTORES<br \/>\nCristian Payan<br \/>\nJos\u00e9 Luis \u00c1lvarez<br \/>\nJUGADORES DE CUADRO<br \/>\nBrian Fierro<br \/>\nRodolfo Fierro<br \/>\nAlejandro Silva<br \/>\nRoberto Castel<br \/>\nLuis Santa Cruz<br \/>\nMiguel Montoya<br \/>\nJes\u00fas Melgoza<br \/>\nJARDINEROS<br \/>\nJuan Murillo<br \/>\nH\u00e9ctor Patr\u00f3n<br \/>\nEugenio Uribe<br \/>\nRichy Melgoza<br \/>\nBerulo Le\u00f3n<br \/>\nH\u00e9ctor Le\u00f3n<br \/>\nManuel Ruiz Jr.<br \/>\nLANZADORES<br \/>\nGil Villavicencio<br \/>\nEdgardo Le\u00f3n<br \/>\nAd\u00e1n Hirata<br \/>\nFrancisco Avi\u00f1a<br \/>\nEduardo Arenas<br \/>\nCrist\u00f3bal Guti\u00e9rrez<br \/>\nNorberto Alejandro<br \/>\nCUERPO TECNICO<br \/>\nJorge Marqu\u00e9s<br \/>\nRonaldo Melgoza<br \/>\nMart\u00edn Le\u00f3n<\/p>\n","protected":false},"excerpt":{"rendered":"<div class=\"mh-excerpt\"><p>Para estatal de Primera Fuerza de la AEBBC Lista la Selecci\u00f3n de la Rural Federada Presenta plantel de 23 jugadores ENSENADA.- Con un plantel de <a class=\"mh-excerpt-more\" href=\"https:\/\/bcdeportes.com\/?p=11786\" title=\"Lista la Selecci\u00f3n de la Rural Federada\">[&#8230;]<\/a><\/p>\n<\/div>","protected":false},"author":2,"featured_media":11787,"comment_status":"closed","ping_status":"closed","sticky":false,"template":"","format":"standard","meta":{"footnotes":""},"categories":[2],"tags":[],"class_list":["post-11786","post","type-post","status-publish","format-standard","has-post-thumbnail","hentry","category-beisbol"],"_links":{"self":[{"href":"https:\/\/bcdeportes.com\/index.php?rest_route=\/wp\/v2\/posts\/11786","targetHints":{"allow":["GET"]}}],"collection":[{"href":"https:\/\/bcdeportes.com\/index.php?rest_route=\/wp\/v2\/posts"}],"about":[{"href":"https:\/\/bcdeportes.com\/index.php?rest_route=\/wp\/v2\/types\/post"}],"author":[{"embeddable":true,"href":"https:\/\/bcdeportes.com\/index.php?rest_route=\/wp\/v2\/users\/2"}],"replies":[{"embeddable":true,"href":"https:\/\/bcdeportes.com\/index.php?rest_route=%2Fwp%2Fv2%2Fcomments&post=11786"}],"version-history":[{"count":1,"href":"https:\/\/bcdeportes.com\/index.php?rest_route=\/wp\/v2\/posts\/11786\/revisions"}],"predecessor-version":[{"id":11788,"href":"https:\/\/bcdeportes.com\/index.php?rest_route=\/wp\/v2\/posts\/11786\/revisions\/11788"}],"wp:featuredmedia":[{"embeddable":true,"href":"https:\/\/bcdeportes.com\/index.php?rest_route=\/wp\/v2\/media\/11787"}],"wp:attachment":[{"href":"https:\/\/bcdeportes.com\/index.php?rest_route=%2Fwp%2Fv2%2Fmedia&parent=11786"}],"wp:term":[{"taxonomy":"category","embeddable":true,"href":"https:\/\/bcdeportes.com\/index.php?rest_route=%2Fwp%2Fv2%2Fcategories&post=11786"},{"taxonomy":"post_tag","embeddable":true,"href":"https:\/\/bcdeportes.com\/index.php?rest_route=%2Fwp%2Fv2%2Ftags&post=11786"}],"curies":[{"name":"wp","href":"https:\/\/api.w.org\/{rel}","templated":true}]}}