{"id":10215,"date":"2017-12-10T23:03:03","date_gmt":"2017-12-10T23:03:03","guid":{"rendered":"http:\/\/bcdeportes.com\/?p=10215"},"modified":"2017-12-10T23:03:03","modified_gmt":"2017-12-10T23:03:03","slug":"inauguran-gimnasio-dynamo-centro","status":"publish","type":"post","link":"https:\/\/bcdeportes.com\/?p=10215","title":{"rendered":"Inauguran Gimnasio Dynamo Centro"},"content":{"rendered":"<p>En calle 10 entre Ryerson y Moctezuma<\/p>\n<p>Inauguran Gimnasio Dynamo Centro<\/p>\n<p>Centro de desarrollo gimn\u00e1stico<\/p>\n<p>ENSENADA.- Con el evento de corte de listo fue inaugurado el gimnasio Dynamo Centro que se encuentra ubicado en la calle Diez, entre Ryerson y Moctezuma, que ser\u00e1 el nuevo centro de desarrollo gimn\u00e1stico de la Promotora Gimnastica de Ensenada A. C, cuyo director es el entrenador Pavel Oceguera Ornelas.<\/p>\n<p>Las instalaciones del centro gimn\u00e1stico est\u00e1n muy bien acondicionadas con los aparatos necesarios para la detecci\u00f3n de talento de la gimnasia y que cuenta con personal altamente capacitado.<\/p>\n<p>Dynamo Centro es una extensi\u00f3n del Baja Dynamo, gimnasio que se distingue por su gran \u00e9xito en la formaci\u00f3n de atletas, siendo uno de los mejores semilleros de gimnastas para Baja California.<\/p>\n<p>Pavel Ocegura se\u00f1alo que las puertas del gimnasio Dynamo Centro est\u00e1n abiertas para los padres de familia que deseen que sus hijos empiecen a incursionar en esta disciplina, para que se acerquen a solicitar su clase muestra.<\/p>\n<p>En el corte del listo estuvo a cargo del director del Instituto Municipal del Deporte y Recreaci\u00f3n, Arturo Hern\u00e1ndez, el delegado del INDE en Ensenada, Alberto Arreola, llevando la representaci\u00f3n de Sa\u00fal Castro, director de INDE y Pavel Oceguera, Ubaldo Quezada, Aracely Hale, director, director t\u00e9cnico y director administrativo de la Promotora Gimnastica de Ensenada A.C.<\/p>\n","protected":false},"excerpt":{"rendered":"<div class=\"mh-excerpt\"><p>En calle 10 entre Ryerson y Moctezuma Inauguran Gimnasio Dynamo Centro Centro de desarrollo gimn\u00e1stico ENSENADA.- Con el evento de corte de listo fue inaugurado <a class=\"mh-excerpt-more\" href=\"https:\/\/bcdeportes.com\/?p=10215\" title=\"Inauguran Gimnasio Dynamo Centro\">[&#8230;]<\/a><\/p>\n<\/div>","protected":false},"author":2,"featured_media":10216,"comment_status":"closed","ping_status":"closed","sticky":false,"template":"","format":"standard","meta":{"footnotes":""},"categories":[1],"tags":[],"class_list":["post-10215","post","type-post","status-publish","format-standard","has-post-thumbnail","hentry","category-uncategorized"],"_links":{"self":[{"href":"https:\/\/bcdeportes.com\/index.php?rest_route=\/wp\/v2\/posts\/10215","targetHints":{"allow":["GET"]}}],"collection":[{"href":"https:\/\/bcdeportes.com\/index.php?rest_route=\/wp\/v2\/posts"}],"about":[{"href":"https:\/\/bcdeportes.com\/index.php?rest_route=\/wp\/v2\/types\/post"}],"author":[{"embeddable":true,"href":"https:\/\/bcdeportes.com\/index.php?rest_route=\/wp\/v2\/users\/2"}],"replies":[{"embeddable":true,"href":"https:\/\/bcdeportes.com\/index.php?rest_route=%2Fwp%2Fv2%2Fcomments&post=10215"}],"version-history":[{"count":1,"href":"https:\/\/bcdeportes.com\/index.php?rest_route=\/wp\/v2\/posts\/10215\/revisions"}],"predecessor-version":[{"id":10217,"href":"https:\/\/bcdeportes.com\/index.php?rest_route=\/wp\/v2\/posts\/10215\/revisions\/10217"}],"wp:featuredmedia":[{"embeddable":true,"href":"https:\/\/bcdeportes.com\/index.php?rest_route=\/wp\/v2\/media\/10216"}],"wp:attachment":[{"href":"https:\/\/bcdeportes.com\/index.php?rest_route=%2Fwp%2Fv2%2Fmedia&parent=10215"}],"wp:term":[{"taxonomy":"category","embeddable":true,"href":"https:\/\/bcdeportes.com\/index.php?rest_route=%2Fwp%2Fv2%2Fcategories&post=10215"},{"taxonomy":"post_tag","embeddable":true,"href":"https:\/\/bcdeportes.com\/index.php?rest_route=%2Fwp%2Fv2%2Ftags&post=10215"}],"curies":[{"name":"wp","href":"https:\/\/api.w.org\/{rel}","templated":true}]}}